{"id":10446,"date":"2025-01-14T20:50:05","date_gmt":"2025-01-15T00:50:05","guid":{"rendered":"https:\/\/noticiasveraces.com\/?p=10446"},"modified":"2025-01-14T20:50:05","modified_gmt":"2025-01-15T00:50:05","slug":"juana-rivas-he-luchado-y-peleado-todos-estos-anos-para-que-ellos-tengan-una-vida-fuera-de-la-violencia-sociedad","status":"publish","type":"post","link":"https:\/\/noticiasveraces.com\/?p=10446","title":{"rendered":"Juana Rivas: \u201cHe luchado y peleado todos estos a\u00f1os para que ellos tengan una vida fuera de la violencia\u201d | sociedad"},"content":{"rendered":"<p> \n<\/p>\n<div data-dtm-region=\"articulo_cuerpo\">\n<p class=\"\">En una jornada la de este martes en la que numerosas ciudades de Espa\u00f1a han vivido concentraciones de apoyo a Juana Rivas, la madre de Maracena (Granada) ha aparecido en p\u00fablico por primera vez despu\u00e9s de muchos a\u00f1os. En un v\u00eddeo de apenas minuto y medio hecho p\u00fablico a \u00faltima hora de la tarde del d\u00eda, Juana Rivas ha recordado que ella \u201cha luchado y peleado todos estos a\u00f1os para que ellos tengan una vida fuera de violencia y vivan en paz, tranquilidad, lo que les toca a su edad y que no tengan otras preocupaciones\u201d. Rivas ha insistido en que \u201cDaniel [el hijo menor] es el foco ahora mismo, el que necesita ser ayudado en este momento\u201d<\/p>\n<p class=\"\">Juana Rivas ha mostrado su agradecimiento \u201ca las personas que nos han apoyado y ayudado, a las personas de pie de calle, amigos, familiares, a las instituciones, las personas que hay detr\u00e1s de ellas, que sienten agradecer\u201d. Al inicio del mensaje, ha registrado que estos \u00faltimos d\u00edas \u201chan pasado cosas muy importantes\u201d, en referencia a la permanencia de Daniel en Granada, con ella y su hermano Gabriel, el mayor.<\/p>\n<p class=\"\">En su mensaje, grabado este domingo, al d\u00eda siguiente del cumplea\u00f1os de Daniel, su hijo menor que el s\u00e1bado cumpli\u00f3 11 a\u00f1os, la madre de Maracena explica que siente tranquilidad porque \u201cDaniel va a seguir aqu\u00ed\u2026 cumpliendo a\u00f1os en casa\u201d. Rivas se ha despedido con un \u201ceste gracias es para todos y todas. Un abrazo inmenso\u201d.<\/p>\n<p class=\"\">El martes ha sido un d\u00eda especialmente confuso en lo judicial, con el anuncio de la recusaci\u00f3n de los abogados de Rivas de las titulares de los dos juzgados de Violencia sobre la Mujer de Granada por la \u201cp\u00e9rdida de objetividad\u201d que supuso \u201cimpulsar y suscribir \u201d un manifiesto firmado por 107 jueces del mismo \u00e1mbito de toda Espa\u00f1a en apoyo a la titular del juzgado que neg\u00f3 que hubiera existido violencia de g\u00e9nero en la actividad de Francesco Arcuri en Espa\u00f1a o a trav\u00e9s de llamadas y mensajes telef\u00f3nicos. durante la Navidad. Tambi\u00e9n este martes se ha conocido que el Pleno del Consejo General del Poder Judicial ha admitido a tr\u00e1mite la solicitud de amparo de la jueza que tom\u00f3 esa decisi\u00f3n y que se sinti\u00f3 inquietada por las fuertes cr\u00edticas del abogado de Rivas a sus autos judiciales.<\/p>\n<p class=\"\">A \u00faltima hora de la tarde noche, a las 19.30, por otro lado, se produc\u00edan concentraciones organizadas por diferentes colectivos feministas de toda Espa\u00f1a en distintas ciudades bajo los lemas \u201cDaniel se queda\u201d y \u201cJuana somos todas\u201d para exigir \u201calgo tan revolucionario\u201d. \u201d, se ha le\u00eddo en la manifestaci\u00f3n celebrada en Granada, \u201ccomo que se aplica la ley\u201d. Unas 200 personas se han reunido a la puerta del Tribunal Superior de Justicia de Granada.<\/p>\n<p class=\"\"><i>El tel\u00e9fono 016 atiende a las v\u00edctimas de violencia machista, a sus familias ya su entorno las 24 horas del d\u00eda, todos los d\u00edas del a\u00f1o, en 53 idiomas diferentes. El n\u00famero no queda registrado en la factura telef\u00f3nica, pero hay que borrar la llamada del dispositivo. Tambi\u00e9n se puede contactar a trav\u00e9s del correo electr\u00f3nico <\/i><i>016-online@igualdad.gob.es<\/i><i>  y por WhatsApp en el n\u00famero 600 000 016. Los menores pueden dirigirse al tel\u00e9fono de la Fundaci\u00f3n ANAR 900 20 20 10. Si es una situaci\u00f3n de emergencia, se puede llamar al 112 oa los tel\u00e9fonos de la Polic\u00eda Nacional (091) y de la Guardia Civil (062). Y en caso de no poder llamar, se puede recurrir a la aplicaci\u00f3n ALERTCOPS, desde la que se env\u00eda una se\u00f1al de alerta a la Polic\u00eda con geolocalizaci\u00f3n.<\/i><\/p>\n<\/div>\n\n","protected":false},"excerpt":{"rendered":"<p>En una jornada la de este martes en la que numerosas ciudades de Espa\u00f1a han vivido concentraciones de apoyo a Juana Rivas, la madre de Maracena (Granada) ha aparecido en p\u00fablico por primera vez despu\u00e9s de muchos a\u00f1os. En un v\u00eddeo de apenas minuto y medio hecho p\u00fablico a \u00faltima hora de la tarde del &hellip;<\/p>\n","protected":false},"author":1,"featured_media":10447,"comment_status":"open","ping_status":"open","sticky":false,"template":"","format":"standard","meta":{"fifu_image_url":"https:\/\/imagenes.elpais.com\/resizer\/v2\/JPF57H4DSFBBDHCPQHVDWMFNNY.jpeg?auth=c17a693e71d2dffa617703dc66ee827c8b87c11c869ce996993202b7ac43dbad&width=1200","fifu_image_alt":"","footnotes":""},"categories":[11],"tags":[],"class_list":["post-10446","post","type-post","status-publish","format-standard","has-post-thumbnail","","category-viaje"],"_links":{"self":[{"href":"https:\/\/noticiasveraces.com\/index.php?rest_route=\/wp\/v2\/posts\/10446","targetHints":{"allow":["GET"]}}],"collection":[{"href":"https:\/\/noticiasveraces.com\/index.php?rest_route=\/wp\/v2\/posts"}],"about":[{"href":"https:\/\/noticiasveraces.com\/index.php?rest_route=\/wp\/v2\/types\/post"}],"author":[{"embeddable":true,"href":"https:\/\/noticiasveraces.com\/index.php?rest_route=\/wp\/v2\/users\/1"}],"replies":[{"embeddable":true,"href":"https:\/\/noticiasveraces.com\/index.php?rest_route=%2Fwp%2Fv2%2Fcomments&post=10446"}],"version-history":[{"count":0,"href":"https:\/\/noticiasveraces.com\/index.php?rest_route=\/wp\/v2\/posts\/10446\/revisions"}],"wp:featuredmedia":[{"embeddable":true,"href":"https:\/\/noticiasveraces.com\/index.php?rest_route=\/wp\/v2\/media\/10447"}],"wp:attachment":[{"href":"https:\/\/noticiasveraces.com\/index.php?rest_route=%2Fwp%2Fv2%2Fmedia&parent=10446"}],"wp:term":[{"taxonomy":"category","embeddable":true,"href":"https:\/\/noticiasveraces.com\/index.php?rest_route=%2Fwp%2Fv2%2Fcategories&post=10446"},{"taxonomy":"post_tag","embeddable":true,"href":"https:\/\/noticiasveraces.com\/index.php?rest_route=%2Fwp%2Fv2%2Ftags&post=10446"}],"curies":[{"name":"wp","href":"https:\/\/api.w.org\/{rel}","templated":true}]}}