{"id":10438,"date":"2025-01-14T18:35:24","date_gmt":"2025-01-14T22:35:24","guid":{"rendered":"https:\/\/noticiasveraces.com\/?p=10438"},"modified":"2025-01-14T18:35:24","modified_gmt":"2025-01-14T22:35:24","slug":"decenas-de-supervivientes-y-muertos-rescatados-de-una-mina-abandonada-en-sudafrica-mientras-cientos-permanecen-bajo-tierra","status":"publish","type":"post","link":"https:\/\/noticiasveraces.com\/?p=10438","title":{"rendered":"Decenas de supervivientes y muertos rescatados de una mina abandonada en Sud\u00e1frica mientras cientos permanecen bajo tierra"},"content":{"rendered":"<p> \n<\/p>\n<div>\n<p class=\"speakable\">Meses despu\u00e9s de que las autoridades sudafricanas inicialmente cortaran el suministro a los mineros que trabajaban ilegalmente en una mina de oro abandonada, los rescatistas sacaron a la superficie decenas de cuerpos y sobrevivientes demacrados el martes y se cree que cientos m\u00e1s todav\u00eda est\u00e1n bajo tierra, muchos de ellos muertos y otros demasiado d\u00e9biles para salir. por su cuenta.<\/p>\n<p class=\"speakable\">Al menos 60 cuerpos y 92 sobrevivientes hab\u00edan sido extra\u00eddos de una de las minas m\u00e1s profundas de Sud\u00e1frica desde el lunes en un dispositivo similar a una jaula roja sumergido a miles de pies bajo tierra, dijo la polic\u00eda. La polic\u00eda no est\u00e1 segura de cu\u00e1ntos mineros quedan dentro, pero dijo que probablemente sean cientos. Otros nueve cuerpos fueron sacados el viernes en un esfuerzo de rescate liderado por la comunidad, seg\u00fan un grupo que representa a los mineros.<\/p>\n<p><strong>EL CIFRA DE MUERTOS SUBE A 13 EN EL DESASTRE MINERO DE SUD\u00c1FRICA<\/strong><\/p>\n<p>La mina ha sido escenario de un tenso enfrentamiento entre la polic\u00eda, los mineros y los miembros de la comunidad local desde que las autoridades lanzaron una operaci\u00f3n en noviembre para obligar a los mineros a salir cortando alimentos y agua de la superficie durante un per\u00edodo de tiempo. En ese momento, un ministro del gabinete dijo que el objetivo era \u00abacabar con ellos\u00bb y que el gobierno no enviar\u00eda ayuda porque eran \u00abcriminales\u00bb.<\/p>\n<p>Pero esa t\u00e1ctica ha sido ferozmente criticada por grupos c\u00edvicos y la comunidad, y el gobierno sudafricano est\u00e1 bajo escrutinio por la forma en que ha abordado el problema en la mina de oro Buffelsfontein, donde se cree que m\u00e1s de 100 mineros murieron bajo tierra de hambre. o deshidrataci\u00f3n, seg\u00fan el grupo que los represente.<\/p>\n<div class=\"image-ct inline\">\n<div class=\"m\"><picture><source media=\"(max-width: 767px)\" srcset=\"https:\/\/a57.foxnews.com\/static.foxnews.com\/foxnews.com\/content\/uploads\/2025\/01\/343\/192\/south-africa-mine.jpg?ve=1&amp;tl=1, https:\/\/a57.foxnews.com\/static.foxnews.com\/foxnews.com\/content\/uploads\/2025\/01\/686\/384\/south-africa-mine.jpg?ve=1&amp;tl=1 2x\" height=\"192\" width=\"343\"><source media=\"(min-width: 768px) and (max-width: 1023px)\" srcset=\"https:\/\/a57.foxnews.com\/static.foxnews.com\/foxnews.com\/content\/uploads\/2025\/01\/672\/378\/south-africa-mine.jpg?ve=1&amp;tl=1, https:\/\/a57.foxnews.com\/static.foxnews.com\/foxnews.com\/content\/uploads\/2025\/01\/1344\/756\/south-africa-mine.jpg?ve=1&amp;tl=1 2x\" height=\"378\" width=\"672\"><source media=\"(min-width: 1024px) and (max-width: 1279px)\" srcset=\"https:\/\/a57.foxnews.com\/static.foxnews.com\/foxnews.com\/content\/uploads\/2025\/01\/931\/523\/south-africa-mine.jpg?ve=1&amp;tl=1, https:\/\/a57.foxnews.com\/static.foxnews.com\/foxnews.com\/content\/uploads\/2025\/01\/1862\/1046\/south-africa-mine.jpg?ve=1&amp;tl=1 2x\" height=\"523\" width=\"931\"><source media=\"(min-width: 1280px)\" srcset=\"https:\/\/a57.foxnews.com\/static.foxnews.com\/foxnews.com\/content\/uploads\/2025\/01\/720\/405\/south-africa-mine.jpg?ve=1&amp;tl=1, https:\/\/a57.foxnews.com\/static.foxnews.com\/foxnews.com\/content\/uploads\/2025\/01\/1440\/810\/south-africa-mine.jpg?ve=1&amp;tl=1 2x\" height=\"405\" width=\"720\"><img loading=\"lazy\" decoding=\"async\" src=\"https:\/\/a57.foxnews.com\/static.foxnews.com\/foxnews.com\/content\/uploads\/2025\/01\/1200\/675\/south-africa-mine.jpg?ve=1&amp;tl=1\" alt=\"Mina de Sud\u00e1frica\" width=\"1200\" height=\"675\"\/><\/source><\/source><\/source><\/source><\/picture><\/div>\n<div class=\"info\">\n<div class=\"caption\">\n<p><span>Los trabajadores de rescate ayudan a un minero ilegal que ha estado atrapado en lo profundo de una mina de oro abandonada durante meses, en Stilfontein, Sud\u00e1frica, el martes 14 de enero de 2025. <\/span> <span>(Foto AP\/Themba Hadebe)<\/span><\/p>\n<\/div>\n<\/div>\n<\/div>\n<p>Las autoridades, que retiraron las cuerdas y el sistema de poleas que usaban los mineros para entrar y bajar los suministros, dicen que los sobrevivientes pueden salir pero se niegan a hacerlo por temor a ser arrestados. Esto ha sido cuestionado por los grupos c\u00edvicos, que ganaron un caso judicial para obligar a las autoridades a permitir el env\u00edo de alimentos, agua y medicinas a los mineros. Pero dicen que los suministros no son suficientes y que muchos de los mineros mueren de hambre y no pueden salir porque el pozo es demasiado empinado.<\/p>\n<p>Los residentes que esperaban desesperadamente noticias de sus familiares se reunieron en la mina el martes cerca de la ciudad de Stilfontein, al suroeste de Johannesburgo, algunos con carteles criticando a las autoridades por su respuesta. Un cartel dec\u00eda que hab\u00eda habido un \u00abSacrificio en Stilfontein\u00bb mientras la polic\u00eda se llevaba en fila a algunos supervivientes esposados.<\/p>\n<p>La comunidad organiz\u00f3 su propia operaci\u00f3n de rescate el viernes antes de que comenzaran los esfuerzos oficiales de las autoridades el lunes. Dicen que hace meses deber\u00eda haberse lanzado una operaci\u00f3n de rescate adecuada.<\/p>\n<p>\u00abEstamos contentos de que esta operaci\u00f3n se est\u00e9 llevando a cabo, aunque creemos que si se hubiera hecho antes, no tendr\u00edamos ni una sola persona muerta\u00bb, dijo Mzukisi Jam, presidente regional de la Organizaci\u00f3n C\u00edvica Nacional de Sud\u00e1frica, que agrupa a Grupos c\u00edvicos y de derechos humanos.<\/p>\n<p>Las autoridades han luchado durante a\u00f1os contra la miner\u00eda informal<\/p>\n<p>La miner\u00eda ilegal es com\u00fan en partes de Sud\u00e1frica, rica en oro, donde las empresas cierran minas que ya no son rentables, dejando que grupos de mineros informales entren en ellas ilegalmente en busca de dep\u00f3sitos sobrantes.<\/p>\n<p>Grandes grupos de mineros suelen permanecer bajo tierra durante meses para maximizar sus ganancias, llev\u00e1ndose alimentos, agua, generadores y otros equipos, pero tambi\u00e9n dependiendo de otros miembros de su grupo en la superficie para enviar m\u00e1s suministros.<\/p>\n<p>El Ministro de Recursos Minerales, Gwede Mantashe, visit\u00f3 el sitio el martes y dijo que m\u00e1s de 1.500 mineros que resurgieron de la mina Buffelsfontein han sido arrestados desde que las autoridades comenzaron una represi\u00f3n m\u00e1s amplia contra la miner\u00eda ilegal a fines de 2023. Dijo que la gran mayor\u00eda eran ciudadanos extranjeros de pa\u00edses vecinos.<\/p>\n<p>La polic\u00eda tambi\u00e9n ha redoblado su afirmaci\u00f3n de que los mineros que todav\u00eda est\u00e1n bajo tierra no salen porque temen ser arrestados.<\/p>\n<p>Los activistas dijeron que la \u00fanica salida es que los mineros hagan un viaje peligroso hasta otro pozo, lo que puede llevar d\u00edas, y se arrastren hasta all\u00ed, pero muchos est\u00e1n demasiado d\u00e9biles o enfermos para salir. La mina tiene 2,5 kil\u00f3metros (1,5 millas) de profundidad y cuenta con m\u00faltiples pozos, muchos niveles y un laberinto de t\u00faneles. El grupo que representa a los mineros dijo que hay numerosos grupos en varias partes de la mina.<\/p>\n<p>\u00abLa \u00faltima vez que habl\u00e9 con mi hermano fue en julio, cuando nos dijo que iba a pasar a la clandestinidad\u00bb, dijo Zinzi Tom, hermana de uno de los mineros que permaneci\u00f3 bajo tierra. \u00abNo hab\u00edamos sabido nada de \u00e9l, pero ayer uno de los mineros que sali\u00f3 a la superficie dijo que lo vio hace unas dos semanas. Al parecer est\u00e1 muy enfermo y est\u00e1 luchando por sobrevivir\u00bb.<\/p>\n<p>V\u00eddeos con tel\u00e9fonos m\u00f3viles emergen del subsuelo<\/p>\n<p>El grupo Comunidades Afectadas por la Miner\u00eda Unidas en Acci\u00f3n, que llev\u00f3 a las autoridades a los tribunales en diciembre para obligarlas a permitir que se enviaran suministros a los mineros, public\u00f3 dos videos tomados con tel\u00e9fonos celulares que, seg\u00fan dijeron, eran subterr\u00e1neos y mostraban docenas de cad\u00e1veres de mineros envueltos en pl\u00e1stico. Un portavoz del grupo dijo que hab\u00edan muerto \u00abun m\u00ednimo\u00bb de 100 mineros.<\/p>\n<p>Los videos tomados con tel\u00e9fonos celulares, supuestamente desde las profundidades de la mina, son filmados por un hombre al que se le puede escuchar decir: \u00abEsto es hambre. La gente est\u00e1 muriendo de hambre\u00bb, mientras graba a hombres demacrados sentados en el suelo h\u00famedo de la mina. Y a\u00f1ade: \u00abPor favor, ay\u00fadennos. Tr\u00e1igannos comida o ll\u00e9vennos afuera\u00bb.<\/p>\n<p>La operaci\u00f3n de rescate durar\u00e1 10 d\u00edas y luego las autoridades volver\u00e1n a evaluarla, dijo el ministro de Polic\u00eda, Senzo Mchunu. La polic\u00eda tambi\u00e9n dijo que los supervivientes que hab\u00edan sido llevados a la superficie ser\u00e1n arrestados y acusados \u200b\u200bde miner\u00eda ilegal y allanamiento de morada despu\u00e9s de recibir atenci\u00f3n m\u00e9dica.<\/p>\n<p>Las autoridades dejaron en claro su enfoque cuando el Ministro del Gabinete sudafricano, Khumbudzo Ntshavheni, dijo a los periodistas en noviembre que el gobierno no ayudar\u00eda a los mineros, a quienes consideran criminales.<\/p>\n<p><strong><u>HAGA CLIC AQU\u00cd PARA OBTENER LA APLICACI\u00d3N FOX NEWS<\/u><\/strong><\/p>\n<p>\u00abNo estamos enviando ayuda a los delincuentes\u00bb, afirm\u00f3. \u00abVamos a ahuyentarlos. Saldr\u00e1n\u00bb.<\/p>\n<p>Y a\u00f1adi\u00f3: \u00abNo se debe ayudar a los delincuentes. Hay que perseguir a los delincuentes\u00bb.<\/p>\n<p> <!----> <!----> <\/div>\n\n","protected":false},"excerpt":{"rendered":"<p>Meses despu\u00e9s de que las autoridades sudafricanas inicialmente cortaran el suministro a los mineros que trabajaban ilegalmente en una mina de oro abandonada, los rescatistas sacaron a la superficie decenas de cuerpos y sobrevivientes demacrados el martes y se cree que cientos m\u00e1s todav\u00eda est\u00e1n bajo tierra, muchos de ellos muertos y otros demasiado d\u00e9biles &hellip;<\/p>\n","protected":false},"author":1,"featured_media":10440,"comment_status":"open","ping_status":"open","sticky":false,"template":"","format":"standard","meta":{"fifu_image_url":"https:\/\/static.foxnews.com\/foxnews.com\/content\/uploads\/2025\/01\/south-africa-mine.jpg","fifu_image_alt":"","footnotes":""},"categories":[13],"tags":[],"class_list":["post-10438","post","type-post","status-publish","format-standard","has-post-thumbnail","","category-mundo"],"_links":{"self":[{"href":"https:\/\/noticiasveraces.com\/index.php?rest_route=\/wp\/v2\/posts\/10438","targetHints":{"allow":["GET"]}}],"collection":[{"href":"https:\/\/noticiasveraces.com\/index.php?rest_route=\/wp\/v2\/posts"}],"about":[{"href":"https:\/\/noticiasveraces.com\/index.php?rest_route=\/wp\/v2\/types\/post"}],"author":[{"embeddable":true,"href":"https:\/\/noticiasveraces.com\/index.php?rest_route=\/wp\/v2\/users\/1"}],"replies":[{"embeddable":true,"href":"https:\/\/noticiasveraces.com\/index.php?rest_route=%2Fwp%2Fv2%2Fcomments&post=10438"}],"version-history":[{"count":0,"href":"https:\/\/noticiasveraces.com\/index.php?rest_route=\/wp\/v2\/posts\/10438\/revisions"}],"wp:featuredmedia":[{"embeddable":true,"href":"https:\/\/noticiasveraces.com\/index.php?rest_route=\/wp\/v2\/media\/10440"}],"wp:attachment":[{"href":"https:\/\/noticiasveraces.com\/index.php?rest_route=%2Fwp%2Fv2%2Fmedia&parent=10438"}],"wp:term":[{"taxonomy":"category","embeddable":true,"href":"https:\/\/noticiasveraces.com\/index.php?rest_route=%2Fwp%2Fv2%2Fcategories&post=10438"},{"taxonomy":"post_tag","embeddable":true,"href":"https:\/\/noticiasveraces.com\/index.php?rest_route=%2Fwp%2Fv2%2Ftags&post=10438"}],"curies":[{"name":"wp","href":"https:\/\/api.w.org\/{rel}","templated":true}]}}