{"id":10433,"date":"2025-01-14T16:39:23","date_gmt":"2025-01-14T20:39:23","guid":{"rendered":"https:\/\/noticiasveraces.com\/?p=10433"},"modified":"2025-01-14T16:39:23","modified_gmt":"2025-01-14T20:39:23","slug":"detienen-a-una-entrenadora-en-palma-para-mantener-una-relacion-con-un-alumno-menor-de-edad","status":"publish","type":"post","link":"https:\/\/noticiasveraces.com\/?p=10433","title":{"rendered":"Detienen a una entrenadora en Palma para mantener una relaci\u00f3n con un alumno menor de edad."},"content":{"rendered":"<p> \n<\/p>\n<div id=\"intext\">\n<p>La<b> Policia Nacional<\/b> ha detenido a una joven entradora en <b>Palma (Baleares)<\/b> por un delito contra la libertad sexual despu\u00e9s de mantener una relaci\u00f3n sentimental con un alumno menor de edad.<\/p>\n<p>Los hechos ocurrieron meses atr\u00e1s, cuando entre entrenadora y jugador comenz\u00f3 una complicidad que iba m\u00e1s all\u00e1 de la relaci\u00f3n que ten\u00edan entre ambos relacionados con el deporte, seg\u00fan ha informado la<b> Jefatura Superior de Polic\u00eda de Baleares<\/b> en un comunicado.<\/p>\n<p>Los progenitores del menor, al detectar un cambio de actitud en su hijo, averiguaron que estaba manteniendo una relaci\u00f3n sentimental con su entrenadora, mayor de edad, del deporte que practicaba.<\/p>\n<p>En ese momento fue cuando hablaron con su hijo y pusieron los hechos en conocimiento de la Polic\u00eda Nacional. El grupo de investigaci\u00f3n de la <b>Unidad de Familia y Mujer (UFAM)<\/b>cuando recibi\u00f3 la denuncia, comenz\u00f3 una serie de gestiones a fin de corroborar lo ocurrido, hasta constatar la relaci\u00f3n.<\/p>\n<p>Finalmente, los agentes detuvieron a la joven el viernes pasado por un delito contra la libertad sexual.<\/p>\n<p><i>S\u00edguenos en nuestro <b>canal de whatsapp<\/b> y no te pierdas la \u00faltima hora y toda la actualidad de antena3noticias.com<\/i><\/p>\n<div class=\"recirculation-video\" data-mod=\"a3mod_recirculation_video\">\n<div class=\"recirculation-video-wrapper\">\n<div>\n<div class=\"video-wrapper\">\n  <picture class=\"video-main-picture\"><source media=\"(min-width: 481px)\" srcset=\"https:\/\/fotografias.antena3.com\/clipping\/cmsimages02\/2025\/01\/12\/D3C80C80-44DD-43E3-A9E1-72CC9322D9EF\/paula-badosa-senala-cabeza-triunfo-xinyu-wang_94.jpg?crop=2346,1320,x0,y0&amp;width=800&amp;height=450&amp;optimize=medium&amp;format=webply\" width=\"800\" height=\"450\"><source media=\"(min-width: 391px) and (max-width: 480px)\" srcset=\"https:\/\/fotografias.antena3.com\/clipping\/cmsimages02\/2025\/01\/12\/D3C80C80-44DD-43E3-A9E1-72CC9322D9EF\/paula-badosa-senala-cabeza-triunfo-xinyu-wang_70.jpg?crop=2346,1320,x0,y0&amp;width=480&amp;height=270&amp;optimize=high&amp;format=webply\" width=\"480\" height=\"270\"><source media=\"(min-width: 321px) and (max-width: 390px)\" srcset=\"https:\/\/fotografias.antena3.com\/clipping\/cmsimages02\/2025\/01\/12\/D3C80C80-44DD-43E3-A9E1-72CC9322D9EF\/paula-badosa-senala-cabeza-triunfo-xinyu-wang_92.jpg?crop=2346,1317,x0,y0&amp;width=390&amp;height=219&amp;optimize=high&amp;format=webply\" width=\"390\" height=\"219\"><source media=\"(max-width: 320px)\" srcset=\"https:\/\/fotografias.antena3.com\/clipping\/cmsimages02\/2025\/01\/12\/D3C80C80-44DD-43E3-A9E1-72CC9322D9EF\/paula-badosa-senala-cabeza-triunfo-xinyu-wang_52.jpg?crop=2346,1320,x0,y0&amp;width=320&amp;height=180&amp;optimize=high&amp;format=webply\" width=\"320\" height=\"180\"><img decoding=\"async\" title=\"Paula Badosa se se\u00f1ala la cabeza tras su triunfo ante Xinyu Wang\" alt=\"Paula Badosa se se\u00f1ala la cabeza tras su triunfo ante Xinyu Wang\" width=\"480\" height=\"270\" src=\"https:\/\/fotografias.antena3.com\/clipping\/cmsimages02\/2025\/01\/12\/D3C80C80-44DD-43E3-A9E1-72CC9322D9EF\/paula-badosa-senala-cabeza-triunfo-xinyu-wang_70.jpg?crop=2346,1320,x0,y0&amp;width=480&amp;height=270&amp;optimize=high&amp;format=webply\" loading=\"lazy\" class=\"lazy\"\/><br \/>\n  <\/source><\/source><\/source><\/source><\/picture>\n <\/div>\n<\/div><\/div>\n<\/p><\/div>\n<\/div>\n\n","protected":false},"excerpt":{"rendered":"<p>La Policia Nacional ha detenido a una joven entradora en Palma (Baleares) por un delito contra la libertad sexual despu\u00e9s de mantener una relaci\u00f3n sentimental con un alumno menor de edad. Los hechos ocurrieron meses atr\u00e1s, cuando entre entrenadora y jugador comenz\u00f3 una complicidad que iba m\u00e1s all\u00e1 de la relaci\u00f3n que ten\u00edan entre ambos &hellip;<\/p>\n","protected":false},"author":1,"featured_media":10435,"comment_status":"open","ping_status":"open","sticky":false,"template":"","format":"standard","meta":{"fifu_image_url":"https:\/\/fotografias.antena3.com\/clipping\/cmsimages02\/2025\/01\/14\/604BE28E-DD56-47F6-9874-8530C198C4AD\/dependencias-ufam-archivo_69.jpg?crop=1920,1080,x0,y634&width=1280&height=720&optimize=low&format=jpg","fifu_image_alt":"","footnotes":""},"categories":[6],"tags":[],"class_list":["post-10433","post","type-post","status-publish","format-standard","has-post-thumbnail","","category-deportes"],"_links":{"self":[{"href":"https:\/\/noticiasveraces.com\/index.php?rest_route=\/wp\/v2\/posts\/10433","targetHints":{"allow":["GET"]}}],"collection":[{"href":"https:\/\/noticiasveraces.com\/index.php?rest_route=\/wp\/v2\/posts"}],"about":[{"href":"https:\/\/noticiasveraces.com\/index.php?rest_route=\/wp\/v2\/types\/post"}],"author":[{"embeddable":true,"href":"https:\/\/noticiasveraces.com\/index.php?rest_route=\/wp\/v2\/users\/1"}],"replies":[{"embeddable":true,"href":"https:\/\/noticiasveraces.com\/index.php?rest_route=%2Fwp%2Fv2%2Fcomments&post=10433"}],"version-history":[{"count":0,"href":"https:\/\/noticiasveraces.com\/index.php?rest_route=\/wp\/v2\/posts\/10433\/revisions"}],"wp:featuredmedia":[{"embeddable":true,"href":"https:\/\/noticiasveraces.com\/index.php?rest_route=\/wp\/v2\/media\/10435"}],"wp:attachment":[{"href":"https:\/\/noticiasveraces.com\/index.php?rest_route=%2Fwp%2Fv2%2Fmedia&parent=10433"}],"wp:term":[{"taxonomy":"category","embeddable":true,"href":"https:\/\/noticiasveraces.com\/index.php?rest_route=%2Fwp%2Fv2%2Fcategories&post=10433"},{"taxonomy":"post_tag","embeddable":true,"href":"https:\/\/noticiasveraces.com\/index.php?rest_route=%2Fwp%2Fv2%2Ftags&post=10433"}],"curies":[{"name":"wp","href":"https:\/\/api.w.org\/{rel}","templated":true}]}}