{"id":10404,"date":"2025-01-14T13:55:11","date_gmt":"2025-01-14T17:55:11","guid":{"rendered":"https:\/\/noticiasveraces.com\/?p=10404"},"modified":"2025-01-14T13:55:11","modified_gmt":"2025-01-14T17:55:11","slug":"el-riesgo-de-demencia-ha-aumentado-entre-las-personas-de-55-anos-o-mas-segun-un-nuevo-estudio","status":"publish","type":"post","link":"https:\/\/noticiasveraces.com\/?p=10404","title":{"rendered":"El riesgo de demencia ha aumentado entre las personas de 55 a\u00f1os o m\u00e1s, seg\u00fan un nuevo estudio"},"content":{"rendered":"<p> \n<\/p>\n<div>\n<p class=\"speakable\">Se espera que los casos de demencia en Estados Unidos se dupliquen para 2060, con un estimado de un mill\u00f3n de personas diagnosticadas por a\u00f1o, seg\u00fan un nuevo estudio dirigido por la Universidad Johns Hopkins y otras instituciones.<\/p>\n<p class=\"speakable\">Los investigadores encontraron que el riesgo de que los estadounidenses desarrollen demencia despu\u00e9s de los 55 a\u00f1os es del 42%, el doble del riesgo identificado en estudios anteriores, afirm\u00f3 un comunicado de prensa.<\/p>\n<p>Para aquellos que alcanzan los 75 a\u00f1os, el riesgo de por vida supera el 50%, seg\u00fan el estudio.<\/p>\n<p><strong><u>ENCUENTRO &#8216;PUNTO CALIENTE&#8217; DEL ENVEJECIMIENTO EN EL CEREBRO, DICEN LOS INVESTIGADORES: &#8216;CAMBIOS IMPORTANTES&#8217;<\/u><\/strong><\/p>\n<p>Las mujeres enfrentan un riesgo promedio del 48% y los hombres tienen un riesgo del 35%, y la discrepancia se atribuye a que las mujeres viven m\u00e1s que los hombres.<\/p>\n<div class=\"image-ct inline\">\n<div class=\"m\"><picture><source media=\"(max-width: 767px)\" srcset=\"https:\/\/a57.foxnews.com\/static.foxnews.com\/foxnews.com\/content\/uploads\/2025\/01\/343\/192\/woman-confused.jpg?ve=1&amp;tl=1, https:\/\/a57.foxnews.com\/static.foxnews.com\/foxnews.com\/content\/uploads\/2025\/01\/686\/384\/woman-confused.jpg?ve=1&amp;tl=1 2x\" height=\"192\" width=\"343\"><source media=\"(min-width: 768px) and (max-width: 1023px)\" srcset=\"https:\/\/a57.foxnews.com\/static.foxnews.com\/foxnews.com\/content\/uploads\/2025\/01\/672\/378\/woman-confused.jpg?ve=1&amp;tl=1, https:\/\/a57.foxnews.com\/static.foxnews.com\/foxnews.com\/content\/uploads\/2025\/01\/1344\/756\/woman-confused.jpg?ve=1&amp;tl=1 2x\" height=\"378\" width=\"672\"><source media=\"(min-width: 1024px) and (max-width: 1279px)\" srcset=\"https:\/\/a57.foxnews.com\/static.foxnews.com\/foxnews.com\/content\/uploads\/2025\/01\/931\/523\/woman-confused.jpg?ve=1&amp;tl=1, https:\/\/a57.foxnews.com\/static.foxnews.com\/foxnews.com\/content\/uploads\/2025\/01\/1862\/1046\/woman-confused.jpg?ve=1&amp;tl=1 2x\" height=\"523\" width=\"931\"><source media=\"(min-width: 1280px)\" srcset=\"https:\/\/a57.foxnews.com\/static.foxnews.com\/foxnews.com\/content\/uploads\/2025\/01\/720\/405\/woman-confused.jpg?ve=1&amp;tl=1, https:\/\/a57.foxnews.com\/static.foxnews.com\/foxnews.com\/content\/uploads\/2025\/01\/1440\/810\/woman-confused.jpg?ve=1&amp;tl=1 2x\" height=\"405\" width=\"720\"><img loading=\"lazy\" decoding=\"async\" src=\"https:\/\/a57.foxnews.com\/static.foxnews.com\/foxnews.com\/content\/uploads\/2025\/01\/1200\/675\/woman-confused.jpg?ve=1&amp;tl=1\" alt=\"Mujer confundida\" width=\"1200\" height=\"675\"\/><\/source><\/source><\/source><\/source><\/picture><\/div>\n<div class=\"info\">\n<div class=\"caption\">\n<p><span>Se espera que los casos de demencia en Estados Unidos se dupliquen para 2060, con un estimado de un mill\u00f3n de personas diagnosticadas por a\u00f1o.<\/span> <span>(iStock)<\/span><\/p>\n<\/div>\n<\/div>\n<\/div>\n<p>El estudio, que se public\u00f3 en la revista Nature Medicine el 13 de enero, analiz\u00f3 datos del Estudio Neurocognitivo sobre Riesgo de Aterosclerosis en Comunidades (ARIC-NCS), que ha rastreado la salud cognitiva y vascular de casi 16,000 adultos desde 1987.<\/p>\n<p><strong><u>HAGA CLIC AQU\u00cd PARA OBTENER LA APLICACI\u00d3N FOX NEWS<\/u><\/strong><strong>      <\/strong><\/p>\n<p>El envejecimiento es el mayor factor de riesgo de demencia, junto con otros factores que incluyen la gen\u00e9tica, la obesidad, la hipertensi\u00f3n, la diabetes, las dietas poco saludables, los estilos de vida sedentarios y los trastornos de salud mental, seg\u00fan el comunicado.<\/p>\n<p>Se descubri\u00f3 que el riesgo de demencia es mayor entre las personas que tienen una variante del gen APOE4, que se ha relacionado con la enfermedad de Alzheimer de aparici\u00f3n tard\u00eda. Los adultos negros tambi\u00e9n tienen un mayor riesgo.<\/p>\n<div class=\"image-ct inline\">\n<div class=\"m\"><picture><source media=\"(max-width: 767px)\" srcset=\"https:\/\/a57.foxnews.com\/static.foxnews.com\/foxnews.com\/content\/uploads\/2023\/05\/343\/192\/dementia-doctor.jpg?ve=1&amp;tl=1, https:\/\/a57.foxnews.com\/static.foxnews.com\/foxnews.com\/content\/uploads\/2023\/05\/686\/384\/dementia-doctor.jpg?ve=1&amp;tl=1 2x\" height=\"192\" width=\"343\"><source media=\"(min-width: 768px) and (max-width: 1023px)\" srcset=\"https:\/\/a57.foxnews.com\/static.foxnews.com\/foxnews.com\/content\/uploads\/2023\/05\/672\/378\/dementia-doctor.jpg?ve=1&amp;tl=1, https:\/\/a57.foxnews.com\/static.foxnews.com\/foxnews.com\/content\/uploads\/2023\/05\/1344\/756\/dementia-doctor.jpg?ve=1&amp;tl=1 2x\" height=\"378\" width=\"672\"><source media=\"(min-width: 1024px) and (max-width: 1279px)\" srcset=\"https:\/\/a57.foxnews.com\/static.foxnews.com\/foxnews.com\/content\/uploads\/2023\/05\/931\/523\/dementia-doctor.jpg?ve=1&amp;tl=1, https:\/\/a57.foxnews.com\/static.foxnews.com\/foxnews.com\/content\/uploads\/2023\/05\/1862\/1046\/dementia-doctor.jpg?ve=1&amp;tl=1 2x\" height=\"523\" width=\"931\"><source media=\"(min-width: 1280px)\" srcset=\"https:\/\/a57.foxnews.com\/static.foxnews.com\/foxnews.com\/content\/uploads\/2023\/05\/720\/405\/dementia-doctor.jpg?ve=1&amp;tl=1, https:\/\/a57.foxnews.com\/static.foxnews.com\/foxnews.com\/content\/uploads\/2023\/05\/1440\/810\/dementia-doctor.jpg?ve=1&amp;tl=1 2x\" height=\"405\" width=\"720\"><img loading=\"lazy\" decoding=\"async\" src=\"https:\/\/a57.foxnews.com\/static.foxnews.com\/foxnews.com\/content\/uploads\/2023\/05\/1200\/675\/dementia-doctor.jpg?ve=1&amp;tl=1\" alt=\"dibujo volum\u00e9trico virtual del cerebro en la mano\" width=\"1200\" height=\"675\"\/><\/source><\/source><\/source><\/source><\/picture><\/div>\n<div class=\"info\">\n<div class=\"caption\">\n<p><span>Los investigadores encontraron que el riesgo de que los estadounidenses desarrollen demencia despu\u00e9s de los 55 a\u00f1os es del 42%, el doble del riesgo identificado en estudios anteriores.<\/span> <span>(iStock)<\/span><\/p>\n<\/div>\n<\/div>\n<\/div>\n<p>\u00abLos resultados de nuestro estudio pronostican un aumento dram\u00e1tico en la carga de la demencia en los Estados Unidos en las pr\u00f3ximas d\u00e9cadas, y se espera que uno de cada dos estadounidenses experimente dificultades cognitivas despu\u00e9s de los 55 a\u00f1os\u00bb, dijo el investigador principal del estudio y epidemi\u00f3logo Josef Coresh, MD, PhD. quien se desempe\u00f1a como director fundador del Optimal Aging Institute en NYU Langone, en el comunicado.<\/p>\n<p><strong><u>HAGA CLIC AQU\u00cd PARA SUSCRIBIRSE A NUESTRO BOLET\u00cdN DE SALUD<\/u><\/strong><\/p>\n<p>La investigaci\u00f3n ha demostrado que las mismas intervenciones utilizadas para prevenir el riesgo de enfermedad card\u00edaca tambi\u00e9n podr\u00edan prevenir o ralentizar la demencia, sugiri\u00f3 el estudio.<\/p>\n<div class=\"image-ct inline\">\n<div class=\"m\"><picture><source media=\"(max-width: 767px)\" srcset=\"https:\/\/a57.foxnews.com\/static.foxnews.com\/foxnews.com\/content\/uploads\/2023\/10\/343\/192\/man-with-alzheimers.jpg?ve=1&amp;tl=1, https:\/\/a57.foxnews.com\/static.foxnews.com\/foxnews.com\/content\/uploads\/2023\/10\/686\/384\/man-with-alzheimers.jpg?ve=1&amp;tl=1 2x\" height=\"192\" width=\"343\"><source media=\"(min-width: 768px) and (max-width: 1023px)\" srcset=\"https:\/\/a57.foxnews.com\/static.foxnews.com\/foxnews.com\/content\/uploads\/2023\/10\/672\/378\/man-with-alzheimers.jpg?ve=1&amp;tl=1, https:\/\/a57.foxnews.com\/static.foxnews.com\/foxnews.com\/content\/uploads\/2023\/10\/1344\/756\/man-with-alzheimers.jpg?ve=1&amp;tl=1 2x\" height=\"378\" width=\"672\"><source media=\"(min-width: 1024px) and (max-width: 1279px)\" srcset=\"https:\/\/a57.foxnews.com\/static.foxnews.com\/foxnews.com\/content\/uploads\/2023\/10\/931\/523\/man-with-alzheimers.jpg?ve=1&amp;tl=1, https:\/\/a57.foxnews.com\/static.foxnews.com\/foxnews.com\/content\/uploads\/2023\/10\/1862\/1046\/man-with-alzheimers.jpg?ve=1&amp;tl=1 2x\" height=\"523\" width=\"931\"><source media=\"(min-width: 1280px)\" srcset=\"https:\/\/a57.foxnews.com\/static.foxnews.com\/foxnews.com\/content\/uploads\/2023\/10\/720\/405\/man-with-alzheimers.jpg?ve=1&amp;tl=1, https:\/\/a57.foxnews.com\/static.foxnews.com\/foxnews.com\/content\/uploads\/2023\/10\/1440\/810\/man-with-alzheimers.jpg?ve=1&amp;tl=1 2x\" height=\"405\" width=\"720\"><img loading=\"lazy\" decoding=\"async\" src=\"https:\/\/a57.foxnews.com\/static.foxnews.com\/foxnews.com\/content\/uploads\/2023\/10\/1200\/675\/man-with-alzheimers.jpg?ve=1&amp;tl=1\" alt=\"Hombre con Alzheimer\" width=\"1200\" height=\"675\"\/><\/source><\/source><\/source><\/source><\/picture><\/div>\n<div class=\"info\">\n<div class=\"caption\">\n<p><span>Las investigaciones han demostrado que las mismas intervenciones utilizadas para prevenir el riesgo de enfermedad card\u00edaca tambi\u00e9n podr\u00edan prevenir o ralentizar la demencia.<\/span> <span>(iStock)<\/span><\/p>\n<\/div>\n<\/div>\n<\/div>\n<p>\u00abEl auge poblacional pendiente de los casos de demencia plantea desaf\u00edos importantes para los responsables de las pol\u00edticas de salud en particular, quienes deben reorientar sus esfuerzos en estrategias para minimizar la gravedad de los casos de demencia, as\u00ed como en planes para brindar m\u00e1s servicios de atenci\u00f3n m\u00e9dica a las personas con demencia\u00bb, dijo Coresh. .<\/p>\n<p><i><strong><u>Para m\u00e1s art\u00edculos de salud, visite <\/u><\/strong><\/i><i><strong><u>www.foxnews.com\/health<\/u><\/strong><\/i><\/p>\n<p>La investigaci\u00f3n fue financiada por los Institutos Nacionales de Salud.<\/p>\n<p>Fox News Digital se acerc\u00f3 a los investigadores para solicitar comentarios adicionales.<\/p>\n<p> <!----> <\/p>\n<div class=\"article-meta\">\n<div class=\"author-bio\">\n<p>Melissa Rudy es editora senior de salud y miembro del equipo de estilo de vida de Fox News Digital. Se pueden enviar consejos sobre historias a melissa.rudy@fox.com.<\/p>\n<\/div>\n<\/div><\/div>\n\n","protected":false},"excerpt":{"rendered":"<p>Se espera que los casos de demencia en Estados Unidos se dupliquen para 2060, con un estimado de un mill\u00f3n de personas diagnosticadas por a\u00f1o, seg\u00fan un nuevo estudio dirigido por la Universidad Johns Hopkins y otras instituciones. Los investigadores encontraron que el riesgo de que los estadounidenses desarrollen demencia despu\u00e9s de los 55 a\u00f1os &hellip;<\/p>\n","protected":false},"author":1,"featured_media":10406,"comment_status":"open","ping_status":"open","sticky":false,"template":"","format":"standard","meta":{"fifu_image_url":"https:\/\/a57.foxnews.com\/static.foxnews.com\/foxnews.com\/content\/uploads\/2025\/01\/1200\/675\/woman-confused.jpg?ve=1&tl=1","fifu_image_alt":"","footnotes":""},"categories":[8],"tags":[],"class_list":["post-10404","post","type-post","status-publish","format-standard","has-post-thumbnail","","category-salud"],"_links":{"self":[{"href":"https:\/\/noticiasveraces.com\/index.php?rest_route=\/wp\/v2\/posts\/10404","targetHints":{"allow":["GET"]}}],"collection":[{"href":"https:\/\/noticiasveraces.com\/index.php?rest_route=\/wp\/v2\/posts"}],"about":[{"href":"https:\/\/noticiasveraces.com\/index.php?rest_route=\/wp\/v2\/types\/post"}],"author":[{"embeddable":true,"href":"https:\/\/noticiasveraces.com\/index.php?rest_route=\/wp\/v2\/users\/1"}],"replies":[{"embeddable":true,"href":"https:\/\/noticiasveraces.com\/index.php?rest_route=%2Fwp%2Fv2%2Fcomments&post=10404"}],"version-history":[{"count":0,"href":"https:\/\/noticiasveraces.com\/index.php?rest_route=\/wp\/v2\/posts\/10404\/revisions"}],"wp:featuredmedia":[{"embeddable":true,"href":"https:\/\/noticiasveraces.com\/index.php?rest_route=\/wp\/v2\/media\/10406"}],"wp:attachment":[{"href":"https:\/\/noticiasveraces.com\/index.php?rest_route=%2Fwp%2Fv2%2Fmedia&parent=10404"}],"wp:term":[{"taxonomy":"category","embeddable":true,"href":"https:\/\/noticiasveraces.com\/index.php?rest_route=%2Fwp%2Fv2%2Fcategories&post=10404"},{"taxonomy":"post_tag","embeddable":true,"href":"https:\/\/noticiasveraces.com\/index.php?rest_route=%2Fwp%2Fv2%2Ftags&post=10404"}],"curies":[{"name":"wp","href":"https:\/\/api.w.org\/{rel}","templated":true}]}}