{"id":10398,"date":"2025-01-14T13:13:30","date_gmt":"2025-01-14T17:13:30","guid":{"rendered":"https:\/\/noticiasveraces.com\/?p=10398"},"modified":"2025-01-14T13:13:30","modified_gmt":"2025-01-14T17:13:30","slug":"ultraderecha-alemana-investigada-por-boleto-de-deportacion-dw-14-01-2025","status":"publish","type":"post","link":"https:\/\/noticiasveraces.com\/?p=10398","title":{"rendered":"Ultraderecha alemana investigada por \u00abboleto de deportaci\u00f3n\u00bb \u2013 DW \u2013 14\/01\/2025"},"content":{"rendered":"<p> \n<\/p>\n<div>\n<p>La Polic\u00eda de Karlsruhe, en el oeste de Alemania, investiga la difusi\u00f3n a carga del partido ultraderechista Alternativa para Alemania (AfD) de propaganda electoral con la forma de \u00abbilletes de deportaci\u00f3n\u00bb para personas migrantes o con ra\u00edces migrantes, una iniciativa que podr\u00eda ser considerada \u00abincitaci\u00f3n al odio\u00bb.<\/p>\n<p>\u00abDesde que empezaron a circular los billetes hay investigaciones en marcha\u00bb, confirm\u00f3 a la agencia de noticias EFE la Polic\u00eda de esa ciudad, en alusi\u00f3n a los impresos de la formaci\u00f3n de ultraderecha, que se asemejan a un boleto de avi\u00f3n, que tiene como pasajero a un \u00abinmigrante ilegal\u00bb, como pa\u00eds de despegue Alemania y como destino un \u00abpa\u00eds de origen seguro\u00bb.<\/p>\n<p>Marc Bernhard, diputado de AfD por Karlsruhe, confirm\u00f3 a los medios alemanes que se han impreso entre 20.000 y 30.000 de estos &#8216;flyers&#8217;, en el marco de la campa\u00f1a electoral que culminar\u00e1 con la votaci\u00f3n del pr\u00f3ximo 23 de febrero.<\/p>\n<h2>Programa electoral promete \u00abofensiva de deportaciones\u00bb<\/h2>\n<p>Seg\u00fan los medios alemanes, la investigaci\u00f3n policial no se centra en ning\u00fan responsable de AfD en concreto, pues consiste en reunir informaci\u00f3n que pasar\u00e1 a manos de la Fiscal\u00eda.<\/p>\n<p>La publicidad pol\u00edtica de AfD en forma de billetes de avi\u00f3n se dio a conocer el pasado fin de semana, durante el \u00faltimo congreso del partido ultraderechista, celebrado en la ciudad de Riesa (este), en el que se permiti\u00f3 un programa electoral que incluye, en materia de inmigraci\u00f3n, promesas de cierre de fronteras y \u00abuna ofensiva de deportaciones\u00bb, adem\u00e1s de emplear el t\u00e9rmino \u00abremigraci\u00f3n\u00bb.<\/p>\n<p><span data-slot-id=\"Article_InContent-1\" class=\"rich-text-ad\"\/><\/p>\n<h2>Evocaci\u00f3n de la propaganda nazi y neonazi <\/h2>\n<p>El t\u00e9rmino \u00abremigraci\u00f3n\u00bb fue acu\u00f1ado por extremistas de derechas para denotar la expulsi\u00f3n masiva de inmigrantes y personas con ra\u00edces extranjeras. AfD se lo ha apropiado para aludir a la expulsi\u00f3n por medios legales de los migrantes en situaci\u00f3n irregular.<\/p>\n<p>Los medios alemanes se\u00f1alan que la propaganda en forma de billetes de deportaci\u00f3n de AfD recuerda a la que en 2013 lanz\u00f3 el considerado partido neonazi de la pol\u00edtica alemana, el Partido Nacional Democr\u00e1tico (NPD), cuyo eslogan para las elecciones de ese a\u00f1o era \u00abDesde : Alemania &#8211; Objetivo: Pa\u00eds de Origen\u00bb.<\/p>\n<p>Otros usuarios en redes sociales evocaron tambi\u00e9n la propaganda antijud\u00eda de la era nazi en Alemania. \u00ab&#8216;Billete de ida a Jerusal\u00e9n&#8217;. Creado por propagandistas nazis en la d\u00e9cada de 1930 y distribuido en las estaciones de tren para marcar a los jud\u00edos como &#8216;indeseables&#8217;. En 2025, la AfD crea billetes de deportaci\u00f3n\u00bb, comparaba una usuaria de X identificada como Ella von T.<\/p>\n<blockquote class=\"tweet embed\" data-id=\"1878831020717560265\"\/>\n<p>\u00abEl AfD es un partido fascista y de extrema derecha. Ahora entregan descaradamente un billete de deportaci\u00f3n a inmigrantes y refugiados. \u00a1Este partido debe ser prohibido!\u00bb, exigi\u00f3 tambi\u00e9n en X el pol\u00edtico local de izquierda, Luigi Pantisano, recordando un debate en curso en el pa\u00eds.<\/p>\n<h2>Partido investigado como \u00abcaso seguro de extremismo\u00bb<\/h2>\n<p>AfD es un partido investigado en varios estados federados por la Oficina Federal para la Defensa de la Constituci\u00f3n, nombre que recibe en Alemania los servicios de inteligencia del Ministerio del Interior, por ser un \u00abcaso seguro de extremismo de derechas\u00bb.<\/p>\n<blockquote class=\"tweet embed\" data-id=\"1878793631165022540\"\/>\n<p>En los sondeos de intenci\u00f3n de voto, a AfD se la ve como segunda fuerza, s\u00f3lo por detr\u00e1s de la Uni\u00f3n Cristianodem\u00f3crata (CDU). Mientras a la CDU las encuestas le atribuyen entre un 29 % y un 31 %, a AfD se le concede entre el 19 % y el 22 % de la intenci\u00f3n de voto.<\/p>\n<p>Por detr\u00e1s quedan el Partido Socialdem\u00f3crata de Alemania (SPD), la formaci\u00f3n del canciller Olaf Scholz, a la que le atribuyen entre un 14 % y un 17 %, y Los Verdes, a la que los sondeos ven entre un 12 % y un 15 %.<\/p>\n<p>El partido populista de izquierdas Alianza Sahra Wagenknecht (BSW), una formaci\u00f3n surgida en 2024, aparece en algunas encuestas por debajo del 5% que hay que superar para lograr representaci\u00f3n en la C\u00e1mara Baja o &#8216;Bundestag&#8217;, pero otros sondeos la ven llegar al 7 %.<\/p>\n<p>Por su parte, el partido liberal (FDP), hasta el pasado mes de noviembre parte de la coalici\u00f3n gubernamental que ha llevado las riendas del pa\u00eds desde 2021 y que formaron tambi\u00e9n Los Verdes y SPD, podr\u00eda terminar fuera del &#8216;Bundestag&#8217; el 23 de febrero, porque la mayor\u00eda de los sondeos ven a esta formaci\u00f3n por debajo del 5 %.<\/p>\n<p>rml (efe, Tageschau, Zeit Online, Spiegel Online)<\/p>\n<\/div>\n\n","protected":false},"excerpt":{"rendered":"<p>La Polic\u00eda de Karlsruhe, en el oeste de Alemania, investiga la difusi\u00f3n a carga del partido ultraderechista Alternativa para Alemania (AfD) de propaganda electoral con la forma de \u00abbilletes de deportaci\u00f3n\u00bb para personas migrantes o con ra\u00edces migrantes, una iniciativa que podr\u00eda ser considerada \u00abincitaci\u00f3n al odio\u00bb. \u00abDesde que empezaron a circular los billetes hay &hellip;<\/p>\n","protected":false},"author":1,"featured_media":10399,"comment_status":"open","ping_status":"open","sticky":false,"template":"","format":"standard","meta":{"fifu_image_url":"https:\/\/static.dw.com\/image\/71271495_6.jpg","fifu_image_alt":"","footnotes":""},"categories":[13],"tags":[],"class_list":["post-10398","post","type-post","status-publish","format-standard","has-post-thumbnail","","category-mundo"],"_links":{"self":[{"href":"https:\/\/noticiasveraces.com\/index.php?rest_route=\/wp\/v2\/posts\/10398","targetHints":{"allow":["GET"]}}],"collection":[{"href":"https:\/\/noticiasveraces.com\/index.php?rest_route=\/wp\/v2\/posts"}],"about":[{"href":"https:\/\/noticiasveraces.com\/index.php?rest_route=\/wp\/v2\/types\/post"}],"author":[{"embeddable":true,"href":"https:\/\/noticiasveraces.com\/index.php?rest_route=\/wp\/v2\/users\/1"}],"replies":[{"embeddable":true,"href":"https:\/\/noticiasveraces.com\/index.php?rest_route=%2Fwp%2Fv2%2Fcomments&post=10398"}],"version-history":[{"count":0,"href":"https:\/\/noticiasveraces.com\/index.php?rest_route=\/wp\/v2\/posts\/10398\/revisions"}],"wp:featuredmedia":[{"embeddable":true,"href":"https:\/\/noticiasveraces.com\/index.php?rest_route=\/wp\/v2\/media\/10399"}],"wp:attachment":[{"href":"https:\/\/noticiasveraces.com\/index.php?rest_route=%2Fwp%2Fv2%2Fmedia&parent=10398"}],"wp:term":[{"taxonomy":"category","embeddable":true,"href":"https:\/\/noticiasveraces.com\/index.php?rest_route=%2Fwp%2Fv2%2Fcategories&post=10398"},{"taxonomy":"post_tag","embeddable":true,"href":"https:\/\/noticiasveraces.com\/index.php?rest_route=%2Fwp%2Fv2%2Ftags&post=10398"}],"curies":[{"name":"wp","href":"https:\/\/api.w.org\/{rel}","templated":true}]}}