{"id":10386,"date":"2025-01-14T10:29:07","date_gmt":"2025-01-14T14:29:07","guid":{"rendered":"https:\/\/noticiasveraces.com\/?p=10386"},"modified":"2025-01-14T10:29:07","modified_gmt":"2025-01-14T14:29:07","slug":"publicar-en-redes-sociales-varias-veces-al-dia-nos-vuelve-mas-propensos-al-enfado-tecnologia","status":"publish","type":"post","link":"https:\/\/noticiasveraces.com\/?p=10386","title":{"rendered":"Publicar en redes sociales varias veces al d\u00eda nos vuelve m\u00e1s propensos al enfado | Tecnolog\u00eda"},"content":{"rendered":"<p> \n<br \/><img decoding=\"async\" src=\"https:\/\/imagenes.elpais.com\/resizer\/v2\/GTJDAFTSYRCETBMBQ5WREPB7NE.jpg?auth=ebcbe5f6b3d702123d94ab1f84d1afcd1e8527ff6bc3342adf65785109152c3a\" \/><\/p>\n<div data-dtm-region=\"articulo_cuerpo\">\n<p class=\"\">Las discusiones exaltadas y la necesidad de descargar mensajes en las redes sociales son un fen\u00f3meno bastante conocido para sus usuarios, un 60% de las personas en el mundo que tienen acceso a internet. Quienes detr\u00e1s de una pantalla publican a diario \u2014y varias veces al d\u00eda\u2014 en Instagram, X, Facebook o TikTok, pueden ser proclives a desarrollar mayores sentimientos de enfado. As\u00ed lo sugiere un nuevo estudio publicado en la revista <i>Red JAMA abierta<\/i>.<\/p>\n<p class=\"\">El director del Centro de Salud Cuantitativa del Hospital General de Massachusetts (EE UU), Roy Perlis, realiz\u00f3 junto con su equipo de investigaci\u00f3n una encuesta <i>en l\u00ednea<\/i> entre noviembre de 2023 y enero de 2024 a 42.597 adultos estadounidenses. Los cient\u00edficos analizaron la periodicidad del uso de las redes sociales, la cantidad de publicaciones por d\u00eda y la frecuencia sobre el seguimiento de las noticias e informaci\u00f3n pol\u00edtica a trav\u00e9s de una prueba dise\u00f1ada por los cient\u00edficos para medir la irritabilidad.<\/p>\n<aside class=\"a_ei\">\n<header class=\"a_ei_h _db\">M\u00e1s informaci\u00f3n<\/header>\n<\/aside>\n<p class=\"\">El sondeo refleja que las personas que utilizan estas plataformas peri\u00f3dicamente son m\u00e1s propensas a sentirse enojadas o molestas, sobre todos aquellos que publican varias veces al d\u00eda, que representan el 16,2% de la muestra. La escala del experimento indica que los encuestados que navegan por las redes sociales \u201cm\u00e1s de una vez al d\u00eda\u201d obtuvieron 1,43 puntos m\u00e1s que quienes no lo hacen. Y los encuestados que las utilizan \u201cla mayor parte del d\u00eda\u201d obtuvieron 3,37 puntos adicionales.<\/p>\n<p class=\"\">En particular, los usuarios de X y Tiktok que pasan m\u00e1s tiempo en las plataformas alcanzan altos niveles de placer. \u201cNo podemos concluir de nuestro estudio que el uso de las redes sociales hace que las personas sean m\u00e1s irritables. Lo que s\u00ed sabemos es que existe una relaci\u00f3n entre la irritabilidad y la interacci\u00f3n con estas plataformas\u201d, aclara Perlis, autor principal del estudio. Las conclusiones de la encuesta, seg\u00fan su equipo, sugieren que las consecuencias del uso de las redes sociales en el mundo real \u201cmerecen un estudio m\u00e1s profundo\u201d.<\/p>\n<p class=\"\">Las discusiones entre los usuarios de manera frecuente \u2014independiente de la afiliaci\u00f3n pol\u00edtica\u2014 tambi\u00e9n se asociaron a respuestas de ira. Por el contrario, quienes se limitaron a solo seguir las noticias de actualidad, reflejaron una moderada disminuci\u00f3n de los niveles de enfado.<\/p>\n<h3 class=\"\">Amplificadores de problemas<\/h3>\n<p class=\"\">Aunque el estudio no aborda el grado de dependencia de los individuos, el investigador principal se\u00f1ala que sin duda hay encuestados que usan de manera asidua las redes sociales. Simone Digennaro, profesora asociada del Departamento de Ciencias Humanas, Sociedad y Salud de la Universidad de Cassino y del Lazio Meridional (Italia), opina que, hasta cierto punto, esto es una especie de \u201cefecto doble\u201d.<\/p>\n<p class=\"\">\u201cEs posible que las personas que son m\u00e1s propensas a tener este tipo de respuestas utilicen m\u00e1s las redes sociales y que esto afecte a su salud\u201d, dice este consultor en el campo de la pedagog\u00eda y nuevos medios que no particip\u00f3 de la encuesta. Las redes sociales, a juicio de Digennaro, han amplificado problemas que ya son parte de la sociedad. \u201cEs algo que debemos entender, porque no est\u00e1 completamente claro\u201d, agrega.<\/p>\n<p class=\"\">Las plataformas digitales formadas por grandes comunidades de desconocidos tienen impactos significativos en la salud mental. Otras investigaciones han relacionado su uso con mayores niveles de ansiedad o depresi\u00f3n, pero la irritabilidad \u201cmerece una caracterizaci\u00f3n m\u00e1s detallada\u201d, sostienen los autores en el estudio, que deber\u00eda ser analizada a mayor profundidad.<\/p>\n<p class=\"\">Ignacio Morgado, catedr\u00e1tico del Instituto de Neurociencia de la Universidad Aut\u00f3noma de Barcelona, \u200b\u200bexplica que \u201cla gente que entra en las redes sociales o lee prensa de toda clase, busca que se reafirmen sus ideas. A eso se le llama el sesgo de confirmaci\u00f3n\u201d, explica el investigador, que no fue parte del estudio. Los mensajes en el mundo digital son r\u00e1pidos y concisos, lo que refuerza las interacciones, ya sean positivas o negativas.<\/p>\n<p class=\"\">De acuerdo a Morgado, a quien los resultados del estudio no le sorprenden, las personas le dan m\u00e1s relevancia a las noticias que confirman sus ideolog\u00edas. \u201cLa gente se deja llevar por una u otra informaci\u00f3n breve. T\u00fa vas buscando una cosa y acabas detenido en otras que no tienen nada que ver\u201d, agrega. Por otro lado, se\u00f1ala que bajar la exposici\u00f3n a las redes puede atenuar, evidentemente, las respuestas de ira.<\/p>\n<h3 class=\"\">A mayor edad, menor enfado<\/h3>\n<p class=\"\">En relaci\u00f3n con la edad de los encuestados tambi\u00e9n hay diferencias. Hilario Blasco, director general de EMOOTI Bienestar Emocional, subraya que el impacto es menor a mayor edad. \u201cLos adultos de m\u00e1s de 65 a\u00f1os de la muestra poseen menor irritabilidad, lo que es esperable porque est\u00e1n menos expuestos\u201d, se\u00f1ala el experto, que no particip\u00f3 de la investigaci\u00f3n.<\/p>\n<p class=\"\">Digennaro tambi\u00e9n destaca este punto del estudio. En 2024, dirigi\u00f3 un an\u00e1lisis sobre el uso de las redes sociales en adolescentes, pero para el investigador es importante observar tanto a las nuevas generaciones que est\u00e1n creciendo con la tecnolog\u00eda como a los adultos. \u201cPara el grupo de mayor edad el impacto es menor y esto es porque tienen una clara distinci\u00f3n entre la vida real y las redes sociales\u201d, dice.<\/p>\n<\/div>\n\n","protected":false},"excerpt":{"rendered":"<p>Las discusiones exaltadas y la necesidad de descargar mensajes en las redes sociales son un fen\u00f3meno bastante conocido para sus usuarios, un 60% de las personas en el mundo que tienen acceso a internet. Quienes detr\u00e1s de una pantalla publican a diario \u2014y varias veces al d\u00eda\u2014 en Instagram, X, Facebook o TikTok, pueden ser &hellip;<\/p>\n","protected":false},"author":1,"featured_media":10388,"comment_status":"open","ping_status":"open","sticky":false,"template":"","format":"standard","meta":{"fifu_image_url":"https:\/\/imagenes.elpais.com\/resizer\/v2\/GTJDAFTSYRCETBMBQ5WREPB7NE.jpg?auth=ebcbe5f6b3d702123d94ab1f84d1afcd1e8527ff6bc3342adf65785109152c3a&width=1200","fifu_image_alt":"","footnotes":""},"categories":[2],"tags":[],"class_list":["post-10386","post","type-post","status-publish","format-standard","has-post-thumbnail","","category-tecnologia"],"_links":{"self":[{"href":"https:\/\/noticiasveraces.com\/index.php?rest_route=\/wp\/v2\/posts\/10386","targetHints":{"allow":["GET"]}}],"collection":[{"href":"https:\/\/noticiasveraces.com\/index.php?rest_route=\/wp\/v2\/posts"}],"about":[{"href":"https:\/\/noticiasveraces.com\/index.php?rest_route=\/wp\/v2\/types\/post"}],"author":[{"embeddable":true,"href":"https:\/\/noticiasveraces.com\/index.php?rest_route=\/wp\/v2\/users\/1"}],"replies":[{"embeddable":true,"href":"https:\/\/noticiasveraces.com\/index.php?rest_route=%2Fwp%2Fv2%2Fcomments&post=10386"}],"version-history":[{"count":0,"href":"https:\/\/noticiasveraces.com\/index.php?rest_route=\/wp\/v2\/posts\/10386\/revisions"}],"wp:featuredmedia":[{"embeddable":true,"href":"https:\/\/noticiasveraces.com\/index.php?rest_route=\/wp\/v2\/media\/10388"}],"wp:attachment":[{"href":"https:\/\/noticiasveraces.com\/index.php?rest_route=%2Fwp%2Fv2%2Fmedia&parent=10386"}],"wp:term":[{"taxonomy":"category","embeddable":true,"href":"https:\/\/noticiasveraces.com\/index.php?rest_route=%2Fwp%2Fv2%2Fcategories&post=10386"},{"taxonomy":"post_tag","embeddable":true,"href":"https:\/\/noticiasveraces.com\/index.php?rest_route=%2Fwp%2Fv2%2Ftags&post=10386"}],"curies":[{"name":"wp","href":"https:\/\/api.w.org\/{rel}","templated":true}]}}