{"id":10348,"date":"2025-01-14T04:35:11","date_gmt":"2025-01-14T08:35:11","guid":{"rendered":"https:\/\/noticiasveraces.com\/?p=10348"},"modified":"2025-01-14T04:35:11","modified_gmt":"2025-01-14T08:35:11","slug":"la-foto-viral-del-cuello-de-toro-de-fernando-alonso-pasame-el-filtro","status":"publish","type":"post","link":"https:\/\/noticiasveraces.com\/?p=10348","title":{"rendered":"La foto viral del &#8216;cuello de toro&#8217; de Fernando Alonso: \u00abP\u00e1same el filtro\u00bb"},"content":{"rendered":"<p> \n<\/p>\n<div id=\"intext\">\n<p>Fernando Alonso sigue disfrutando de sus vacaciones invernales. El piloto espa\u00f1ol ha compartido en sus redes sociales su d\u00eda a d\u00eda durante el par\u00f3n invernal de la F\u00f3rmula 1: el esqu\u00ed y las sesiones de gimnasio no pueden faltar. Sin embargo, el de Aston Martin ha compartido una imagen que sigue sorprendiendo a sus seguidores.<\/p>\n<p>El bicampe\u00f3n mundial de F1 ha vuelto este enero de 2025 a su ya tradicional visita a los Alpes italianos para esquiar. La Selva di Val Gardena, en los Dolomitas, ha sido otra vez el destino elegido por el ovetense para prepararse para la nueva temporada del Gran Circo que arrancar\u00e1 el fin de semana del 14 al 16 de marzo en Melbourne.<\/p>\n<h2 class=\"title-h2\">La foto m\u00e1s comentada<\/h2>\n<p>A sus 43 a\u00f1os, Fernando Alonso sigue en plena forma y no es extra\u00f1o ver que pase sus vacaciones realizando ejercicio f\u00edsico. Sin embargo, de las fotograf\u00edas compartidas por el asturiano hay una que destaca por encima de todas: su musculado cuello ha sido muy comentado en las redes. \u00abFer p\u00e1same el filtro ese que usas para la foto del cuello es para un amigo gracias\u00bb, brome\u00f3 Dani Juncadella, nuevo piloto de simulador de Aston Martin.<\/p>\n<h2 class=\"title-h2\">Sigue so\u00f1ando<\/h2>\n<p>El piloto espa\u00f1ol sigue apurando sus opciones de ganar un tercer t\u00edtulo mundial de pilotos. <b>\u00abSigo so\u00f1ando\u00bb<\/b>dijo Alonso en una entrevista recogida por la BBC. \u00ab\u00bfPor qu\u00e9 no? S\u00e9 que 2026 es probablemente mi \u00fanica oportunidad porque 2025 es extremadamente dif\u00edcil, pero sigo so\u00f1ando. La F1 es para so\u00f1adores, probablemente porque todo puede pasar. Ya veremos\u00bb.<\/p>\n<p>Pero&#8230; \u00bfser\u00e1 la de 2026 su \u00faltima temporada en la F1? \u00abSi 2026 transcurre sin problemas y estamos pasando un buen momento y existe la posibilidad de competir un a\u00f1o m\u00e1s, estar\u00e1 abierto con seguridad\u00bb, contest\u00f3.<\/p>\n<p>\u00abNo voy a cerrar la puerta de antemano, pero tampoco voy a empezar a pensar en eso y voy a afrontar cada carrera como si fuera la \u00faltima y disfrutar de cada segundo\u00bb, apostill\u00f3 el espa\u00f1ol.<\/p>\n<p><i>S\u00edguenos en nuestro canal de WhatsApp y no te pierdas la \u00faltima hora y toda la actualidad de antena3noticias.com<\/i><\/p>\n<div class=\"recirculation-video\" data-mod=\"a3mod_recirculation_video\">\n<div class=\"recirculation-video-wrapper\">\n<div>\n<div class=\"video-wrapper\">\n  <picture class=\"video-main-picture\"><source media=\"(min-width: 481px)\" srcset=\"https:\/\/fotografias.antena3.com\/clipping\/cmsimages02\/2025\/01\/12\/AEBBBF3E-32C8-4AF6-B0C2-200CC3389C64\/imagen-pelea-ultras-cordoba-almeria_94.jpg?crop=3264,1836,x0,y24&amp;width=800&amp;height=450&amp;optimize=medium&amp;format=webply\" width=\"800\" height=\"450\"><source media=\"(min-width: 391px) and (max-width: 480px)\" srcset=\"https:\/\/fotografias.antena3.com\/clipping\/cmsimages02\/2025\/01\/12\/AEBBBF3E-32C8-4AF6-B0C2-200CC3389C64\/imagen-pelea-ultras-cordoba-almeria_70.jpg?crop=3264,1836,x0,y24&amp;width=480&amp;height=270&amp;optimize=high&amp;format=webply\" width=\"480\" height=\"270\"><source media=\"(min-width: 321px) and (max-width: 390px)\" srcset=\"https:\/\/fotografias.antena3.com\/clipping\/cmsimages02\/2025\/01\/12\/AEBBBF3E-32C8-4AF6-B0C2-200CC3389C64\/imagen-pelea-ultras-cordoba-almeria_92.jpg?crop=3264,1833,x0,y26&amp;width=390&amp;height=219&amp;optimize=high&amp;format=webply\" width=\"390\" height=\"219\"><source media=\"(max-width: 320px)\" srcset=\"https:\/\/fotografias.antena3.com\/clipping\/cmsimages02\/2025\/01\/12\/AEBBBF3E-32C8-4AF6-B0C2-200CC3389C64\/imagen-pelea-ultras-cordoba-almeria_52.jpg?crop=3264,1836,x0,y24&amp;width=320&amp;height=180&amp;optimize=high&amp;format=webply\" width=\"320\" height=\"180\"><img decoding=\"async\" title=\"Imagen de la pelea entre ultras del C\u00f3rdoba y del Almer\u00eda\" alt=\"Imagen de la pelea entre ultras del C\u00f3rdoba y del Almer\u00eda\" width=\"480\" height=\"270\" src=\"https:\/\/fotografias.antena3.com\/clipping\/cmsimages02\/2025\/01\/12\/AEBBBF3E-32C8-4AF6-B0C2-200CC3389C64\/imagen-pelea-ultras-cordoba-almeria_70.jpg?crop=3264,1836,x0,y24&amp;width=480&amp;height=270&amp;optimize=high&amp;format=webply\" loading=\"lazy\" class=\"lazy\"\/><br \/>\n  <\/source><\/source><\/source><\/source><\/picture>\n <\/div>\n<\/div><\/div>\n<\/p><\/div>\n<\/div>\n\n","protected":false},"excerpt":{"rendered":"<p>Fernando Alonso sigue disfrutando de sus vacaciones invernales. El piloto espa\u00f1ol ha compartido en sus redes sociales su d\u00eda a d\u00eda durante el par\u00f3n invernal de la F\u00f3rmula 1: el esqu\u00ed y las sesiones de gimnasio no pueden faltar. Sin embargo, el de Aston Martin ha compartido una imagen que sigue sorprendiendo a sus seguidores. &hellip;<\/p>\n","protected":false},"author":1,"featured_media":10350,"comment_status":"open","ping_status":"open","sticky":false,"template":"","format":"standard","meta":{"fifu_image_url":"https:\/\/fotografias.antena3.com\/clipping\/cmsimages02\/2025\/01\/13\/AF4ED950-F373-4932-B21F-8A1CA08847EB\/fernando-alonso-pasado-qatar_69.jpg?crop=4042,2274,x0,y0&width=1280&height=720&optimize=low&format=jpg","fifu_image_alt":"","footnotes":""},"categories":[6],"tags":[],"class_list":["post-10348","post","type-post","status-publish","format-standard","has-post-thumbnail","","category-deportes"],"_links":{"self":[{"href":"https:\/\/noticiasveraces.com\/index.php?rest_route=\/wp\/v2\/posts\/10348","targetHints":{"allow":["GET"]}}],"collection":[{"href":"https:\/\/noticiasveraces.com\/index.php?rest_route=\/wp\/v2\/posts"}],"about":[{"href":"https:\/\/noticiasveraces.com\/index.php?rest_route=\/wp\/v2\/types\/post"}],"author":[{"embeddable":true,"href":"https:\/\/noticiasveraces.com\/index.php?rest_route=\/wp\/v2\/users\/1"}],"replies":[{"embeddable":true,"href":"https:\/\/noticiasveraces.com\/index.php?rest_route=%2Fwp%2Fv2%2Fcomments&post=10348"}],"version-history":[{"count":0,"href":"https:\/\/noticiasveraces.com\/index.php?rest_route=\/wp\/v2\/posts\/10348\/revisions"}],"wp:featuredmedia":[{"embeddable":true,"href":"https:\/\/noticiasveraces.com\/index.php?rest_route=\/wp\/v2\/media\/10350"}],"wp:attachment":[{"href":"https:\/\/noticiasveraces.com\/index.php?rest_route=%2Fwp%2Fv2%2Fmedia&parent=10348"}],"wp:term":[{"taxonomy":"category","embeddable":true,"href":"https:\/\/noticiasveraces.com\/index.php?rest_route=%2Fwp%2Fv2%2Fcategories&post=10348"},{"taxonomy":"post_tag","embeddable":true,"href":"https:\/\/noticiasveraces.com\/index.php?rest_route=%2Fwp%2Fv2%2Ftags&post=10348"}],"curies":[{"name":"wp","href":"https:\/\/api.w.org\/{rel}","templated":true}]}}