{"id":10311,"date":"2025-01-13T21:45:13","date_gmt":"2025-01-14T01:45:13","guid":{"rendered":"https:\/\/noticiasveraces.com\/?p=10311"},"modified":"2025-01-13T21:45:13","modified_gmt":"2025-01-14T01:45:13","slug":"scholz-y-el-spd-a-la-espera-de-un-milagro-electoral-dw-13-01-2025","status":"publish","type":"post","link":"https:\/\/noticiasveraces.com\/?p=10311","title":{"rendered":"Scholz y el SPD, a la espera de un milagro electoral \u2013 DW \u2013 13\/01\/2025"},"content":{"rendered":"<p> \n<\/p>\n<div>\n<p>El Partido Socialdem\u00f3crata Alem\u00e1n (SPD) confirm\u00f3 por amplia mayor\u00eda al actual canciller alem\u00e1n, Olaf Scholz, como su candidato cabeza de lista para las elecciones parlamentarias anticipadas.<\/p>\n<p>La coalici\u00f3n de socialdem\u00f3cratas, verdes y liberales, encabezada por Scholz, fracas\u00f3. Un 77 por ciento de los alemanes est\u00e1n insatisfechos con su desempe\u00f1o, seg\u00fan una encuesta de la red de TV p\u00fablica ARD. Sobre todo por eso, en el SPD se discuti\u00f3 durante semanas si no ser\u00eda mejor acudir a los c\u00f3micos adelantados con otro candidato a canciller.<\/p>\n<h2>Olaf Scholz se muestra combativo<\/h2>\n<p>Pero Scholz no se amilana. Uno de sus lemas es que hay que tomar nota de las encuestas, pero no actuar seg\u00fan ellas. Una de sus caracter\u00edsticas m\u00e1s destacadas es su f\u00e9rrea confianza en s\u00ed mismo y su tes\u00f3n.<\/p>\n<p>En el congreso del SPD se vio a un Olaf Scholz m\u00e1s decidido y combativo. Eso no sorprende, porque, a fin de cuentas, lo que est\u00e1 en juego es su supervivencia pol\u00edtica. Si pierde las elecciones, ser\u00eda el canciller que menos tiempo gobern\u00f3 en la historia de la Rep\u00fablica Federal de Alemania. Y eso es justamente lo que vaticinan las encuestas.<\/p>\n<p>Sin embargo, mucho puede suceder a\u00fan hasta el d\u00eda de las elecciones. \u00abEsta es una \u00e9poca muy seria, una \u00e9poca en la que ocurren cosas dram\u00e1ticas. Cosas que nadie habr\u00eda cre\u00eddo posible hace un par de a\u00f1os, quiz\u00e1s incluso hace un par de meses o semanas\u201d, dijo Scholz en su discurso en el congreso del partido .<\/p>\n<p><span data-slot-id=\"Article_InContent-1\" class=\"rich-text-ad\"\/><\/p>\n<h2><strong>Trump y la inviolabilidad de las fronteras<\/strong><\/h2>\n<p>Donald Trump tomar\u00e1 posesi\u00f3n como presidente de Estados Unidos el 20 de enero. Y ya est\u00e1 levantando una gran polvareda diplom\u00e1tica con sus reclamaciones territoriales sobre Groenlandia, el Canal de Panam\u00e1 y Canad\u00e1. Adem\u00e1s, su exigencia de que cada pa\u00eds de la OTAN gaste en el futuro el 5% de su PIB en defensa preocupa a muchos en Europa.<\/p>\n<p>Las amenazas de Donald Trump podr\u00edan, sin embargo, brindar una oportunidad a Scholz en la campa\u00f1a electoral. En el congreso del SPD, rechaz\u00f3 nuevamente las pretensiones de Trump, afirmando: \u00abEl principio de la inviolabilidad de las fronteras vale para todos los pa\u00edses, ya sean del este o del oeste. Todos los Estados deben ce\u00f1irse a ese principio. Ning\u00fan pa\u00eds es el patio trasero de otro, ning\u00fan pa\u00eds peque\u00f1o debe temer a su gran vecino, eso es algo medular de los que llamamos valores occidentales, nuestros valores\u201d.<\/p>\n<p>Eso recuerda lo ocurrido en 2003, cuando el entonces canciller socialdem\u00f3crata Gerhard Schr\u00f6der, tambi\u00e9n durante una campa\u00f1a electoral, se opuso a la guerra de George W. Bush contra Irak. Su actitud le report\u00f3 mucho respaldo en Alemania y finalmente gan\u00f3 las elecciones.<\/p>\n<p>Scholz reiter\u00f3 su respaldo irrestricto a Ucrania ante la agresi\u00f3n rusa. Al mismo tiempo, subray\u00f3 que velar\u00e1 porque Alemania no se ve arrastrada a esta guerra. \u00abMe mantengo firme y sensato, y todos los ciudadanos de Alemania pueden confiar en ello. Mis principios se aplican siempre. Nunca aplico un doble rasero\u201d, asegur\u00f3.<\/p>\n<figure class=\"placeholder-image master_landscape big\"><img data-format=\"MASTER_LANDSCAPE\" data-id=\"71270806\" data-url=\"https:\/\/static.dw.com\/image\/71270806_${formatId}.jpg\" data-aspect-ratio=\"16\/9\" alt=\"Drones dibujaron un coraz\u00f3n en el cielo de Berl\u00edn sobre el recinto del congreso de los socialdem\u00f3cratas alemanes.\" style=\"padding-bottom: 56.25%; height: 0; max-height: 0;\"\/><figcaption class=\"img-caption\">350 drones dibujaron un coraz\u00f3n sobre el recinto en que se celebr\u00f3 el congreso del Partido Socialdem\u00f3crata Alem\u00e1n en Berl\u00edn.<small class=\"copyright\">Imagen: Kay Nietfeld\/Picture Alliance\/dpa<\/small><\/figcaption><\/figure>\n<h2>Mantener el gasto social<\/h2>\n<p>Scholz se dispone a desarrollar numerosos actos durante la campa\u00f1a electoral, en el curso de la cual espera lograr movilizar a mucha gente que no suele acudir a las urnas.<\/p>\n<p>En su programa de 63 p\u00e1ginas, titulado \u00abM\u00e1s para ti. Mejor para Alemania\u201d, el SPD apunta a un Estado fuerte ya reducir la brecha entre pobres y ricos. M\u00e1s inversiones en el sector econ\u00f3mico, infraestructura y defensa habr\u00edan de ser financiadas mediante mayores impuestos para los ricos y endeudamiento fiscal. Su prop\u00f3sito es preservar el bienestar social y no hacer recortes en este campo.<\/p>\n<h2>Contra el odio, la agitaci\u00f3n y la divisi\u00f3n<\/h2>\n<p>En cuanto a la pol\u00edtica de migraci\u00f3n y asilo, el SPD impide un vuelo a la derecha y sostiene que Alemania debe seguir siendo un moderno pa\u00eds de inmigraci\u00f3n.<\/p>\n<p>\u00abTres de cada diez personas en nuestro pa\u00eds tienen una historia de inmigraci\u00f3n. Los que viven y trabajan aqu\u00ed permanentemente, que est\u00e1n bien integrados, que hablan alem\u00e1n, deber\u00edan poder pertenecer a nuestro pa\u00eds\u201d, afirm\u00f3 Olaf Scholz.<\/p>\n<p>El canciller, que lucha por mantener su carga, advirti\u00f3 que Alemania se encuentra en una encrucijada. \u00abSi el 23 de febrero damos un giro equivocado en Alemania, a la ma\u00f1ana siguiente nos despertaremos en un pa\u00eds diferente\u201d.<\/p>\n<p>(us\/cp)<\/p>\n<\/div>\n\n","protected":false},"excerpt":{"rendered":"<p>El Partido Socialdem\u00f3crata Alem\u00e1n (SPD) confirm\u00f3 por amplia mayor\u00eda al actual canciller alem\u00e1n, Olaf Scholz, como su candidato cabeza de lista para las elecciones parlamentarias anticipadas. La coalici\u00f3n de socialdem\u00f3cratas, verdes y liberales, encabezada por Scholz, fracas\u00f3. Un 77 por ciento de los alemanes est\u00e1n insatisfechos con su desempe\u00f1o, seg\u00fan una encuesta de la red &hellip;<\/p>\n","protected":false},"author":1,"featured_media":10312,"comment_status":"open","ping_status":"open","sticky":false,"template":"","format":"standard","meta":{"fifu_image_url":"https:\/\/static.dw.com\/image\/71274470_6.jpg","fifu_image_alt":"","footnotes":""},"categories":[13],"tags":[],"class_list":["post-10311","post","type-post","status-publish","format-standard","has-post-thumbnail","","category-mundo"],"_links":{"self":[{"href":"https:\/\/noticiasveraces.com\/index.php?rest_route=\/wp\/v2\/posts\/10311","targetHints":{"allow":["GET"]}}],"collection":[{"href":"https:\/\/noticiasveraces.com\/index.php?rest_route=\/wp\/v2\/posts"}],"about":[{"href":"https:\/\/noticiasveraces.com\/index.php?rest_route=\/wp\/v2\/types\/post"}],"author":[{"embeddable":true,"href":"https:\/\/noticiasveraces.com\/index.php?rest_route=\/wp\/v2\/users\/1"}],"replies":[{"embeddable":true,"href":"https:\/\/noticiasveraces.com\/index.php?rest_route=%2Fwp%2Fv2%2Fcomments&post=10311"}],"version-history":[{"count":0,"href":"https:\/\/noticiasveraces.com\/index.php?rest_route=\/wp\/v2\/posts\/10311\/revisions"}],"wp:featuredmedia":[{"embeddable":true,"href":"https:\/\/noticiasveraces.com\/index.php?rest_route=\/wp\/v2\/media\/10312"}],"wp:attachment":[{"href":"https:\/\/noticiasveraces.com\/index.php?rest_route=%2Fwp%2Fv2%2Fmedia&parent=10311"}],"wp:term":[{"taxonomy":"category","embeddable":true,"href":"https:\/\/noticiasveraces.com\/index.php?rest_route=%2Fwp%2Fv2%2Fcategories&post=10311"},{"taxonomy":"post_tag","embeddable":true,"href":"https:\/\/noticiasveraces.com\/index.php?rest_route=%2Fwp%2Fv2%2Ftags&post=10311"}],"curies":[{"name":"wp","href":"https:\/\/api.w.org\/{rel}","templated":true}]}}