{"id":10291,"date":"2025-01-13T16:35:51","date_gmt":"2025-01-13T20:35:51","guid":{"rendered":"https:\/\/noticiasveraces.com\/?p=10291"},"modified":"2025-01-13T16:35:51","modified_gmt":"2025-01-13T20:35:51","slug":"el-congreso-de-la-ultraderecha-alemana-y-la-remigracion-dw-13-01-2025","status":"publish","type":"post","link":"https:\/\/noticiasveraces.com\/?p=10291","title":{"rendered":"El congreso de la ultraderecha alemana y la \u00abremigraci\u00f3n\u00bb \u2013 DW \u2013 13\/01\/2025"},"content":{"rendered":"<p> \n<\/p>\n<div>\n<p>Alice Weidel fue designada por unanimidad candidata a canciller en el congreso celebrado este fin de semana por su partido, Alternativa para Alemania (AfD), en parte de ultraderecha.<\/p>\n<p>La economista, de 45 a\u00f1os, exigi\u00f3 un cambio radical de la pol\u00edtica de migraci\u00f3n y asilo. \u00abTenemos un plan de futuro para Alemania, que acometeremos en los primeros 100 d\u00edas de participaci\u00f3n en el gobierno: cerrar por completo las fronteras\u201d.<\/p>\n<h2>El ala de extrema derecha<\/h2>\n<p>En su discurso, Weidel se pleg\u00f3 al ala de extrema derecha de su partido. Demand\u00f3 una amplia devoluci\u00f3n de solicitantes de asilo a sus pa\u00edses de origen, afirmando: \u00abSi eso ha de llamarse remigraci\u00f3n, \u00a1entonces se llamar\u00e1 remigraci\u00f3n!\u00bb Los delegados celebran sus palabras a voz en cuello.<\/p>\n<p>Con la consigna de \u201cremigraci\u00f3n\u201d, organizaciones de extrema derecha y miembros de su partido exigen desde hace tiempo la deportaci\u00f3n masiva de inmigrantes de Alemania. Cuando el t\u00e9rmino salt\u00f3 a primera plana a comienzos de 2023, se produjo en todo el pa\u00eds protestas, en las que participaron millones de personas. En ese entonces, Weidel se distanci\u00f3 de dicho concepto.<\/p>\n<p>Tambi\u00e9n hubo manifestaciones ahora en la localidad donde la AfD celebr\u00f3 su congreso. Este solo pudo comenzar con horas de retraso, ya que numerosos grupos efectuaron bloqueos, que la polic\u00eda disolvi\u00f3.<\/p>\n<p>Weidel, copresidenta del partido, lanz\u00f3 duros ataques contra inmigrantes y solicitantes de asilo: \u00ab\u00bfQui\u00e9n destroza el centro de nuestras ciudades? \u00bfQui\u00e9n ataca a los rescatistas, bomberos y polic\u00edas? \u00bfQui\u00e9n manifiesta su desprecio por nuestro pa\u00eds, que habr\u00eda de ofrecerles? \u00bfProtecci\u00f3n?\u201d<\/p>\n<p>En caso de formar parte del pr\u00f3ximo gobierno, AfD se propone dificultar considerablemente la obtenci\u00f3n de la nacionalidad alemana. Entre otras cosas, exige que se mantenga el principio del derecho a la nacionalidad alemana por ascendencia.<\/p>\n<h2>Sin potenciales aliados<\/h2>\n<p>Por el momento, sin embargo, no tiene posibilidades realistas de integrar el gobierno. Los dem\u00e1s partidos han descartado categ\u00f3ricamente una coalici\u00f3n con la AfD, sobre todo por sus tendencias de extrema derecha.<\/p>\n<figure class=\"placeholder-image master_landscape big\"><img data-format=\"MASTER_LANDSCAPE\" data-id=\"71278905\" data-url=\"https:\/\/static.dw.com\/image\/71278905_${formatId}.jpg\" data-aspect-ratio=\"16\/9\" alt=\"El ultraderechista Bj\u00f6rn H\u00f6cke habla con la prensa.\" style=\"padding-bottom: 56.25%; height: 0; max-height: 0;\"\/><figcaption class=\"img-caption\">El ultraderechista Bj\u00f6rn H\u00f6cke habla con la prensa en el congreso de la AfD.<small class=\"copyright\">Imagen: Hans Pfeifer\/DW<\/small><\/figcaption><\/figure>\n<p>Un exparlamentario y otro miembro del partido se encuentran actualmente en prisi\u00f3n preventiva, bajo el cargo de respaldar asociaciones terroristas. Ambos fueron expulsados \u200b\u200bde la colectividad. El influyente pol\u00edtico de la AfD Bj\u00f6rn H\u00f6cke fue condenado en 2024 en dos ocasiones a pagar altas multas, por utilizar consignas de las SS nazis en sus discursos de campa\u00f1a electoral.<\/p>\n<p><span data-slot-id=\"Article_InContent-1\" class=\"rich-text-ad\"\/><\/p>\n<h2>El meta: superar a la CDU<\/h2>\n<p>Tambi\u00e9n la Uni\u00f3n Dem\u00f3crata Cristiana (CDU) fue blanca de los ataques de Weidel, que quiere superarla en n\u00famero de votos en las elecciones de febrero. Actualmente, AfD figura en el segundo lugar en las encuestas, con m\u00e1s de un 20 por ciento de apoyo.<\/p>\n<p>Con especial \u00e9nfasis se pronunci\u00f3 Weidel en contra de ampliar el uso de energ\u00edas renovables, y prometi\u00f3 derribar todas las turbinas e\u00f3licas. En cambio, el partido quiere regresar a la energ\u00eda at\u00f3mica y prolongar el uso de las centrales al carb\u00f3n. AfD niega el cambio clim\u00e1tico antropog\u00e9nico.<\/p>\n<p>En materia de pol\u00edtica exterior, el partido asume una l\u00ednea marcadamente nacionalista. Promueve la salida de la Uni\u00f3n Europea y la readopci\u00f3n del marco alem\u00e1n como moneda. Adem\u00e1s, exige independencia de tres grandes potencias: China, Rusia y Estados Unidos. No obstante, recibi\u00f3 gustoso el apoyo del millonario estadounidense Elon Musk, a quien Weidel calific\u00f3 como un ejemplo inspirador.<\/p>\n<p>(us\/cp)<\/p>\n<\/div>\n\n","protected":false},"excerpt":{"rendered":"<p>Alice Weidel fue designada por unanimidad candidata a canciller en el congreso celebrado este fin de semana por su partido, Alternativa para Alemania (AfD), en parte de ultraderecha. La economista, de 45 a\u00f1os, exigi\u00f3 un cambio radical de la pol\u00edtica de migraci\u00f3n y asilo. \u00abTenemos un plan de futuro para Alemania, que acometeremos en los &hellip;<\/p>\n","protected":false},"author":1,"featured_media":10292,"comment_status":"open","ping_status":"open","sticky":false,"template":"","format":"standard","meta":{"fifu_image_url":"https:\/\/static.dw.com\/image\/71273450_6.jpg","fifu_image_alt":"","footnotes":""},"categories":[13],"tags":[],"class_list":["post-10291","post","type-post","status-publish","format-standard","has-post-thumbnail","","category-mundo"],"_links":{"self":[{"href":"https:\/\/noticiasveraces.com\/index.php?rest_route=\/wp\/v2\/posts\/10291","targetHints":{"allow":["GET"]}}],"collection":[{"href":"https:\/\/noticiasveraces.com\/index.php?rest_route=\/wp\/v2\/posts"}],"about":[{"href":"https:\/\/noticiasveraces.com\/index.php?rest_route=\/wp\/v2\/types\/post"}],"author":[{"embeddable":true,"href":"https:\/\/noticiasveraces.com\/index.php?rest_route=\/wp\/v2\/users\/1"}],"replies":[{"embeddable":true,"href":"https:\/\/noticiasveraces.com\/index.php?rest_route=%2Fwp%2Fv2%2Fcomments&post=10291"}],"version-history":[{"count":0,"href":"https:\/\/noticiasveraces.com\/index.php?rest_route=\/wp\/v2\/posts\/10291\/revisions"}],"wp:featuredmedia":[{"embeddable":true,"href":"https:\/\/noticiasveraces.com\/index.php?rest_route=\/wp\/v2\/media\/10292"}],"wp:attachment":[{"href":"https:\/\/noticiasveraces.com\/index.php?rest_route=%2Fwp%2Fv2%2Fmedia&parent=10291"}],"wp:term":[{"taxonomy":"category","embeddable":true,"href":"https:\/\/noticiasveraces.com\/index.php?rest_route=%2Fwp%2Fv2%2Fcategories&post=10291"},{"taxonomy":"post_tag","embeddable":true,"href":"https:\/\/noticiasveraces.com\/index.php?rest_route=%2Fwp%2Fv2%2Ftags&post=10291"}],"curies":[{"name":"wp","href":"https:\/\/api.w.org\/{rel}","templated":true}]}}