{"id":10252,"date":"2025-01-13T10:30:01","date_gmt":"2025-01-13T14:30:01","guid":{"rendered":"https:\/\/noticiasveraces.com\/?p=10252"},"modified":"2025-01-13T10:30:01","modified_gmt":"2025-01-13T14:30:01","slug":"lamine-yamal-saca-los-pasos-prohibidos-tras-la-goleada-al-madrid-en-la-supercopa","status":"publish","type":"post","link":"https:\/\/noticiasveraces.com\/?p=10252","title":{"rendered":"Lamine Yamal saca los pasos prohibidos tras la goleada al Madrid en la Supercopa"},"content":{"rendered":"<p> \n<\/p>\n<div id=\"intext\">\n<p>Una de las grandes figuras de la <b>goleada de Barcelona al Real Madrid por 2-5<\/b> en la final de la Supercopa de Espa\u00f1a fue Lamine Yamal. El delantero espa\u00f1ol de 17 a\u00f1os marc\u00f3 el primer tanto azulgrana con una genialidad que sirvi\u00f3 para empatar el primer gol de Mbapp\u00e9 y dar inicio a la remontada en Yeda.<\/p>\n<p>Tras el partido y ya con el t\u00edtulo levantado sobre el terreno de juego del King Abdullah Sports City, Lamine lo festej\u00f3 por todo lo alto junto a sus compa\u00f1eros de equipo. \u00abEl elegido\u00bb, le se\u00f1alan las redes sociales del propio club.<\/p>\n<p>El Bar\u00e7a, de hecho, ha compartido el momento de la llegada del equipo a coger el avi\u00f3n para poner rumbo a la Ciudad Condal: la estrella cul\u00e9 aparece con gafas de sol portando un gran altavoz y sacando sus pasos prohibidos junto a H\u00e9ctor Fort y Raphinha. , el MVP de la final.<\/p>\n<h2 class=\"title-h2\">\u00abNo hables tanto\u00bb<\/h2>\n<p>Otro que tambi\u00e9n celebr\u00f3 por todo lo alto el abultado resultado fue Mounir Nasraoui, padre de Lamine, quien comparti\u00f3 su alegr\u00eda con sus seguidores en Instagram: \u00abEl n\u00famero 1. Soy un padre orgulloso, se\u00f1ores. Al que no le guste el orgullo, lo siento\u00bb.<\/p>\n<p>Asimismo, mientras bailaba y se\u00f1alaba un cuadro con la imagen de Lamine Yamal, aprovech\u00f3 para mandar una indirecta: \u00abNo parla tanto\u00bb (no habla tanto), se\u00f1al\u00f3 en varias ocasiones, pareciendo dirigirse a los &#8216;haters&#8217; de la estrella de 17 a\u00f1os. .<\/p>\n<p><i>S\u00edguenos en nuestro canal de WhatsApp y no te pierdas la \u00faltima hora y toda la actualidad de antena3noticias.com<\/i><\/p>\n<div class=\"recirculation-video\" data-mod=\"a3mod_recirculation_video\">\n<div class=\"recirculation-video-wrapper\">\n<div>\n<div class=\"video-wrapper\">\n  <picture class=\"video-main-picture\"><source media=\"(min-width: 481px)\" srcset=\"https:\/\/fotografias.antena3.com\/clipping\/cmsimages01\/2025\/01\/10\/601FB64B-5114-4008-8501-0A13311A0AC2\/frederic-fugen-saltando-autograph-tower_94.jpg?crop=3264,1836,x0,y14&amp;width=800&amp;height=450&amp;optimize=medium&amp;format=webply\" width=\"800\" height=\"450\"><source media=\"(min-width: 391px) and (max-width: 480px)\" srcset=\"https:\/\/fotografias.antena3.com\/clipping\/cmsimages01\/2025\/01\/10\/601FB64B-5114-4008-8501-0A13311A0AC2\/frederic-fugen-saltando-autograph-tower_70.jpg?crop=3264,1836,x0,y14&amp;width=480&amp;height=270&amp;optimize=high&amp;format=webply\" width=\"480\" height=\"270\"><source media=\"(min-width: 321px) and (max-width: 390px)\" srcset=\"https:\/\/fotografias.antena3.com\/clipping\/cmsimages01\/2025\/01\/10\/601FB64B-5114-4008-8501-0A13311A0AC2\/frederic-fugen-saltando-autograph-tower_92.jpg?crop=3264,1833,x0,y16&amp;width=390&amp;height=219&amp;optimize=high&amp;format=webply\" width=\"390\" height=\"219\"><source media=\"(max-width: 320px)\" srcset=\"https:\/\/fotografias.antena3.com\/clipping\/cmsimages01\/2025\/01\/10\/601FB64B-5114-4008-8501-0A13311A0AC2\/frederic-fugen-saltando-autograph-tower_52.jpg?crop=3264,1836,x0,y14&amp;width=320&amp;height=180&amp;optimize=high&amp;format=webply\" width=\"320\" height=\"180\"><img decoding=\"async\" title=\"Frederic Fugen saltando desde la Autograph Tower\" alt=\"Frederic Fugen saltando desde la Autograph Tower\" width=\"480\" height=\"270\" src=\"https:\/\/fotografias.antena3.com\/clipping\/cmsimages01\/2025\/01\/10\/601FB64B-5114-4008-8501-0A13311A0AC2\/frederic-fugen-saltando-autograph-tower_70.jpg?crop=3264,1836,x0,y14&amp;width=480&amp;height=270&amp;optimize=high&amp;format=webply\" loading=\"lazy\" class=\"lazy\"\/><br \/>\n  <\/source><\/source><\/source><\/source><\/picture>\n <\/div>\n<\/div><\/div>\n<\/p><\/div>\n<\/div>\n\n","protected":false},"excerpt":{"rendered":"<p>Una de las grandes figuras de la goleada de Barcelona al Real Madrid por 2-5 en la final de la Supercopa de Espa\u00f1a fue Lamine Yamal. El delantero espa\u00f1ol de 17 a\u00f1os marc\u00f3 el primer tanto azulgrana con una genialidad que sirvi\u00f3 para empatar el primer gol de Mbapp\u00e9 y dar inicio a la remontada &hellip;<\/p>\n","protected":false},"author":1,"featured_media":10254,"comment_status":"open","ping_status":"open","sticky":false,"template":"","format":"standard","meta":{"fifu_image_url":"https:\/\/fotografias.antena3.com\/clipping\/cmsimages02\/2025\/01\/13\/29FB8B97-1DF6-45D5-9F95-C4C3084FC168\/lamine-yamal-trofeo-supercopa_69.jpg?crop=1596,898,x0,y256&width=1280&height=720&optimize=low&format=jpg","fifu_image_alt":"","footnotes":""},"categories":[6],"tags":[],"class_list":["post-10252","post","type-post","status-publish","format-standard","has-post-thumbnail","","category-deportes"],"_links":{"self":[{"href":"https:\/\/noticiasveraces.com\/index.php?rest_route=\/wp\/v2\/posts\/10252","targetHints":{"allow":["GET"]}}],"collection":[{"href":"https:\/\/noticiasveraces.com\/index.php?rest_route=\/wp\/v2\/posts"}],"about":[{"href":"https:\/\/noticiasveraces.com\/index.php?rest_route=\/wp\/v2\/types\/post"}],"author":[{"embeddable":true,"href":"https:\/\/noticiasveraces.com\/index.php?rest_route=\/wp\/v2\/users\/1"}],"replies":[{"embeddable":true,"href":"https:\/\/noticiasveraces.com\/index.php?rest_route=%2Fwp%2Fv2%2Fcomments&post=10252"}],"version-history":[{"count":0,"href":"https:\/\/noticiasveraces.com\/index.php?rest_route=\/wp\/v2\/posts\/10252\/revisions"}],"wp:featuredmedia":[{"embeddable":true,"href":"https:\/\/noticiasveraces.com\/index.php?rest_route=\/wp\/v2\/media\/10254"}],"wp:attachment":[{"href":"https:\/\/noticiasveraces.com\/index.php?rest_route=%2Fwp%2Fv2%2Fmedia&parent=10252"}],"wp:term":[{"taxonomy":"category","embeddable":true,"href":"https:\/\/noticiasveraces.com\/index.php?rest_route=%2Fwp%2Fv2%2Fcategories&post=10252"},{"taxonomy":"post_tag","embeddable":true,"href":"https:\/\/noticiasveraces.com\/index.php?rest_route=%2Fwp%2Fv2%2Ftags&post=10252"}],"curies":[{"name":"wp","href":"https:\/\/api.w.org\/{rel}","templated":true}]}}