{"id":10245,"date":"2025-01-13T09:41:53","date_gmt":"2025-01-13T13:41:53","guid":{"rendered":"https:\/\/noticiasveraces.com\/?p=10245"},"modified":"2025-01-13T09:41:53","modified_gmt":"2025-01-13T13:41:53","slug":"los-talibanes-no-ven-a-las-mujeres-como-seres-humanos-dice-malala-yousafzai","status":"publish","type":"post","link":"https:\/\/noticiasveraces.com\/?p=10245","title":{"rendered":"Los talibanes no ven a las mujeres como seres humanos, dice Malala Yousafzai"},"content":{"rendered":"<p> \n<\/p>\n<div>\n<p class=\"\">La premio Nobel de la Paz Malala Yousafzai denunci\u00f3 el domingo la situaci\u00f3n de los derechos de las mujeres en Afganist\u00e1n calific\u00e1ndola de \u201capartheid de g\u00e9nero\u201d e inst\u00f3 a los l\u00edderes musulmanes a pronunciarse contra las pol\u00edticas represivas del gobierno talib\u00e1n sobre la educaci\u00f3n de mujeres y ni\u00f1as. <\/p>\n<p class=\"\">\u00abEn pocas palabras, los talibanes en Afganist\u00e1n no ven a las mujeres como seres humanos\u00bb, dijo, hablando en Islamabad en una cumbre sobre el avance de la educaci\u00f3n de las ni\u00f1as en los pa\u00edses isl\u00e1micos organizada por la Organizaci\u00f3n de Cooperaci\u00f3n Isl\u00e1mica y la Liga Mundial Musulmana.<\/p>\n<p class=\"\">El activista educativo paquistan\u00ed a\u00f1adi\u00f3 que no hab\u00eda \u00abnada isl\u00e1mico\u00bb en las pol\u00edticas del gobierno, que proh\u00edben a las adolescentes ir a la escuela m\u00e1s all\u00e1 del sexto grado y a las mujeres asistir a la universidad. <\/p>\n<figure class=\"styles_inlineImage__yAWZ0 styles_medium__OMa6x\"><picture class=\"styles_image__1qciH\" data-testid=\"picture\"><source media=\"(min-width: 1000px)\" srcset=\"https:\/\/media-cldnry.s-nbcnews.com\/image\/upload\/t_fit-560w,f_avif,q_auto:eco,dpr_2\/rockcms\/2025-01\/250113-malala-mb-0930-562fc4.jpg 2x, https:\/\/media-cldnry.s-nbcnews.com\/image\/upload\/t_fit-560w,f_auto,q_auto:best\/rockcms\/2025-01\/250113-malala-mb-0930-562fc4.jpg 1x\"\/><source media=\"(min-width: 320px)\" srcset=\"https:\/\/media-cldnry.s-nbcnews.com\/image\/upload\/t_fit-760w,f_avif,q_auto:eco,dpr_2\/rockcms\/2025-01\/250113-malala-mb-0930-562fc4.jpg 2x, https:\/\/media-cldnry.s-nbcnews.com\/image\/upload\/t_fit-760w,f_auto,q_auto:best\/rockcms\/2025-01\/250113-malala-mb-0930-562fc4.jpg 1x\"\/><img decoding=\"async\" loading=\"lazy\" src=\"https:\/\/media-cldnry.s-nbcnews.com\/image\/upload\/t_fit-760w,f_auto,q_auto:best\/rockcms\/2025-01\/250113-malala-mb-0930-562fc4.jpg\" alt=\"Muchas mujeres han puesto en marcha peque\u00f1as empresas en los \u00faltimos tres a\u00f1os para satisfacer sus propias necesidades y apoyar a otras mujeres afganas, cuyo empleo disminuy\u00f3 dr\u00e1sticamente despu\u00e9s de que las autoridades talibanes asumieron el poder en 2021, imponiendo reglas que expulsaron a las mujeres de muchas \u00e1reas del trabajo y la vida p\u00fablica. \" height=\"1667\" width=\"2500\"\/><\/picture><figcaption class=\"caption styles_caption__Pe5JC\" data-testid=\"caption\"><span class=\"caption__container\" data-testid=\"caption__container\">Mujeres afganas tejen alfombras en una f\u00e1brica en las afueras de Kabul el 11 de noviembre.<\/span><span class=\"caption__source\" data-testid=\"caption__source\">Wakil Kohsar \/ AFP v\u00eda Getty Images<\/span><\/figcaption><\/figure>\n<p class=\"\">Yousafzai, de 27 a\u00f1os, tambi\u00e9n inst\u00f3 a los asistentes, entre los que se encontraban decenas de ministros y acad\u00e9micos de naciones musulmanas, a \u201cdesafiar y denunciar abiertamente\u201d a los talibanes reconociendo el apartheid de g\u00e9nero como un crimen contra la humanidad seg\u00fan el derecho penal internacional. <\/p>\n<p class=\"\">\u201cEn Afganist\u00e1n, toda una generaci\u00f3n de ni\u00f1as se ver\u00e1 privada de su futuro\u201d, afirm\u00f3. \u00abComo l\u00edderes musulmanes, ahora es el momento de alzar la voz y usar su poder\u00bb.<\/p>\n<p class=\"\">Afganist\u00e1n es el \u00fanico pa\u00eds del mundo que proh\u00edbe a las mujeres y ni\u00f1as (casi 1,5 millones de afganos) acceder a la educaci\u00f3n secundaria y superior. <\/p>\n<p class=\"\">Desde que regresaron al poder en 2021, los talibanes han despojado sistem\u00e1ticamente a mujeres y ni\u00f1as de sus derechos fundamentales al aprobar leyes que restringen el acceso a la educaci\u00f3n, el trabajo y las libertades de movimiento y expresi\u00f3n. <\/p>\n<p class=\"\">En diciembre, prohibi\u00f3 a las mujeres recibir formaci\u00f3n como parteras y enfermeras, poniendo fin de hecho al \u00fanico acceso disponible de las mujeres a la educaci\u00f3n superior y poniendo en riesgo la vida de mujeres y ni\u00f1os.<\/p>\n<p class=\"\">A principios de este mes, aprob\u00f3 otra orden que impide que los edificios residenciales tengan ventanas donde se pueda ver a las mujeres mientras est\u00e1n en casa.<\/p>\n<figure class=\"styles_inlineImage__yAWZ0 styles_medium__OMa6x\"><picture class=\"styles_image__1qciH\" data-testid=\"picture\"><source media=\"(min-width: 1000px)\" srcset=\"https:\/\/media-cldnry.s-nbcnews.com\/image\/upload\/t_fit-560w,f_avif,q_auto:eco,dpr_2\/rockcms\/2023-12\/231207-afghanistan-school-mb-0909-9eaade.jpg 2x, https:\/\/media-cldnry.s-nbcnews.com\/image\/upload\/t_fit-560w,f_auto,q_auto:best\/rockcms\/2023-12\/231207-afghanistan-school-mb-0909-9eaade.jpg 1x\"\/><source media=\"(min-width: 320px)\" srcset=\"https:\/\/media-cldnry.s-nbcnews.com\/image\/upload\/t_fit-760w,f_avif,q_auto:eco,dpr_2\/rockcms\/2023-12\/231207-afghanistan-school-mb-0909-9eaade.jpg 2x, https:\/\/media-cldnry.s-nbcnews.com\/image\/upload\/t_fit-760w,f_auto,q_auto:best\/rockcms\/2023-12\/231207-afghanistan-school-mb-0909-9eaade.jpg 1x\"\/><img decoding=\"async\" loading=\"lazy\" src=\"https:\/\/media-cldnry.s-nbcnews.com\/image\/upload\/t_fit-760w,f_auto,q_auto:best\/rockcms\/2023-12\/231207-afghanistan-school-mb-0909-9eaade.jpg\" alt=\"Los talibanes &quot;abusivo&quot; Las pol\u00edticas educativas est\u00e1n perjudicando tanto a ni\u00f1os como a ni\u00f1as en Afganist\u00e1n, seg\u00fan un informe de Human Rights Watch publicado el mi\u00e9rcoles.\" height=\"1667\" width=\"2500\"\/><\/picture><figcaption class=\"caption styles_caption__Pe5JC\" data-testid=\"caption\"><span class=\"caption__container\" data-testid=\"caption__container\">Ni\u00f1as de una escuela afgana asisten a sus aulas el primer d\u00eda del nuevo a\u00f1o escolar, en Kabul en 2023.<\/span><span class=\"caption__source\" data-testid=\"caption__source\">Ebrahim Noroozi \/ Archivo AP<\/span><\/figcaption><\/figure>\n<p class=\"\">Los representantes afganos no asistieron a la cumbre. <\/p>\n<p class=\"\">El portavoz talib\u00e1n Zabihullah Mujahid se neg\u00f3 a hacer comentarios y dijo a NBC News: \u00abNo queremos comentar sobre los comentarios de Malala Yousafzai sobre nosotros\u00bb.<\/p>\n<p class=\"\">Los talibanes han declarado anteriormente que utilizar\u00e1n su propia interpretaci\u00f3n de la cultura afgana y la ley isl\u00e1mica, conocida como Sharia, para guiar sus pol\u00edticas sobre los derechos de las mujeres.<\/p>\n<p class=\"\">Ning\u00fan gobierno extranjero ha reconocido formalmente a los talibanes debido a su postura restrictiva hacia las mujeres, mientras que las Naciones Unidas han denunciado repetidamente al gobierno y han dicho que sus condiciones opresivas han equivalente a un \u201capartheid de g\u00e9nero\u201d en el pa\u00eds. <\/p>\n<p class=\"\">En septiembre de 2023, la experta jur\u00eddica internacional y representante de la sociedad civil Karima Bennoune dijo al Consejo de Seguridad de la ONU que \u201clo que se ha intentado desde que los talibanes regresaron al poder no est\u00e1 funcionando\u201d, instando a la ONU y a la comunidad internacional a utilizar todas las medidas disponibles para inducir la Los talibanes invertir\u00e1n su rumbo.<\/p>\n<p class=\"endmark\">A\u00f1adi\u00f3 que codificar el crimen en el derecho internacional ser\u00eda una de las formas m\u00e1s efectivas de hacerlo.<\/p>\n<\/div>\n\n","protected":false},"excerpt":{"rendered":"<p>La premio Nobel de la Paz Malala Yousafzai denunci\u00f3 el domingo la situaci\u00f3n de los derechos de las mujeres en Afganist\u00e1n calific\u00e1ndola de \u201capartheid de g\u00e9nero\u201d e inst\u00f3 a los l\u00edderes musulmanes a pronunciarse contra las pol\u00edticas represivas del gobierno talib\u00e1n sobre la educaci\u00f3n de mujeres y ni\u00f1as. \u00abEn pocas palabras, los talibanes en Afganist\u00e1n &hellip;<\/p>\n","protected":false},"author":1,"featured_media":10247,"comment_status":"open","ping_status":"open","sticky":false,"template":"","format":"standard","meta":{"fifu_image_url":"https:\/\/media-cldnry.s-nbcnews.com\/image\/upload\/t_nbcnews-fp-1200-630,f_auto,q_auto:best\/rockcms\/2025-01\/250113-malala-mb-0929-f104ff.jpg","fifu_image_alt":"","footnotes":""},"categories":[4],"tags":[],"class_list":["post-10245","post","type-post","status-publish","format-standard","has-post-thumbnail","","category-historias-destacadas"],"_links":{"self":[{"href":"https:\/\/noticiasveraces.com\/index.php?rest_route=\/wp\/v2\/posts\/10245","targetHints":{"allow":["GET"]}}],"collection":[{"href":"https:\/\/noticiasveraces.com\/index.php?rest_route=\/wp\/v2\/posts"}],"about":[{"href":"https:\/\/noticiasveraces.com\/index.php?rest_route=\/wp\/v2\/types\/post"}],"author":[{"embeddable":true,"href":"https:\/\/noticiasveraces.com\/index.php?rest_route=\/wp\/v2\/users\/1"}],"replies":[{"embeddable":true,"href":"https:\/\/noticiasveraces.com\/index.php?rest_route=%2Fwp%2Fv2%2Fcomments&post=10245"}],"version-history":[{"count":0,"href":"https:\/\/noticiasveraces.com\/index.php?rest_route=\/wp\/v2\/posts\/10245\/revisions"}],"wp:featuredmedia":[{"embeddable":true,"href":"https:\/\/noticiasveraces.com\/index.php?rest_route=\/wp\/v2\/media\/10247"}],"wp:attachment":[{"href":"https:\/\/noticiasveraces.com\/index.php?rest_route=%2Fwp%2Fv2%2Fmedia&parent=10245"}],"wp:term":[{"taxonomy":"category","embeddable":true,"href":"https:\/\/noticiasveraces.com\/index.php?rest_route=%2Fwp%2Fv2%2Fcategories&post=10245"},{"taxonomy":"post_tag","embeddable":true,"href":"https:\/\/noticiasveraces.com\/index.php?rest_route=%2Fwp%2Fv2%2Ftags&post=10245"}],"curies":[{"name":"wp","href":"https:\/\/api.w.org\/{rel}","templated":true}]}}