{"id":10241,"date":"2025-01-13T08:43:57","date_gmt":"2025-01-13T12:43:57","guid":{"rendered":"https:\/\/noticiasveraces.com\/?p=10241"},"modified":"2025-01-13T08:43:57","modified_gmt":"2025-01-13T12:43:57","slug":"rescatada-una-cria-de-gorila-escondida-en-una-caja-en-el-aeropuerto-de-estambul-clima-y-medio-ambiente","status":"publish","type":"post","link":"https:\/\/noticiasveraces.com\/?p=10241","title":{"rendered":"Rescatada una cr\u00eda de gorila escondida en una caja en el aeropuerto de Estambul | Clima y Medio Ambiente"},"content":{"rendered":"<p> \n<\/p>\n<div data-dtm-region=\"articulo_cuerpo\">\n<p class=\"\">Los servicios de la Direcci\u00f3n General de Conservaci\u00f3n de la Naturaleza y Parques Nacionales de Turqu\u00eda estudian la posibilidad de devolver a su h\u00e1bitat natural al gorila de cinco meses rescatado el pasado 22 de diciembre del compartimento de carga de un avi\u00f3n. As\u00ed lo inform\u00e9 este domingo. El peque\u00f1o simio, encontrado dentro de una caja de madera con agujeros como m\u00e9todo de ventilaci\u00f3n en un espacio muy limitado, vest\u00eda una camiseta, estaba muy asustado y era v\u00edctima de tr\u00e1fico ilegal de animales. Fue descubierto en un vuelo de la compa\u00f1\u00eda Turkish Airlines en el aeropuerto de Estambul (Turqu\u00eda). Proced\u00eda de Nigeria y se dirig\u00eda hacia Tailandia.<\/p>\n<p class=\"\">Tras ser incautado, ahora est\u00e1 bajo el cuidado de la Direcci\u00f3n General de Conservaci\u00f3n de la Naturaleza y Parques Nacionales de Turqu\u00eda y se recupera en Estambul. El Ministerio de Comercio informa de que contin\u00faa investigando las circunstancias detr\u00e1s de este caso. Las im\u00e1genes de su rescate, compartidas por el Ministerio Turco de Agricultura y Silvicultura, se viralizaron.<\/p>\n<p class=\"\">El 6 de enero, el<b> <\/b>El Parque Nacional de Turqu\u00eda utiliz\u00f3 su cuenta oficial en redes sociales con la intenci\u00f3n de involucrar a los usuarios en la b\u00fasqueda de un nombre para esta cr\u00eda, a la que finalmente llamaron Zeytin. Ya ha ganado peso y muestra signos de mejora desde su rescate, en el que estaba muy asustada. Recibi\u00f3 atenci\u00f3n m\u00e9dica y fue alimentada por biber\u00f3n.<\/p>\n<figure class=\"a_m a_m-h \"><span class=\"_db a_m_w _pr lb_btn\"><img alt=\"Zeytin, una cr\u00eda de gorila de 5 meses rescatada en el aeropuerto de Estambul, el domingo 12 de enero.\" decoding=\"auto\" class=\"_re lazyload a_m-h\" height=\"277\" srcset=\"https:\/\/imagenes.elpais.com\/resizer\/v2\/ZP3GSBFSD5HV7CMKBK7YZT4ORM.jpg?auth=486561a19108d68c52e51b5d6f26f6a16a927d23ff56fd790ef9cb52125099b5&amp;width=414 414w,https:\/\/imagenes.elpais.com\/resizer\/v2\/ZP3GSBFSD5HV7CMKBK7YZT4ORM.jpg?auth=486561a19108d68c52e51b5d6f26f6a16a927d23ff56fd790ef9cb52125099b5&amp;width=828 640w,https:\/\/imagenes.elpais.com\/resizer\/v2\/ZP3GSBFSD5HV7CMKBK7YZT4ORM.jpg?auth=486561a19108d68c52e51b5d6f26f6a16a927d23ff56fd790ef9cb52125099b5&amp;width=980 1000w,https:\/\/imagenes.elpais.com\/resizer\/v2\/ZP3GSBFSD5HV7CMKBK7YZT4ORM.jpg?auth=486561a19108d68c52e51b5d6f26f6a16a927d23ff56fd790ef9cb52125099b5&amp;width=1960 1960w\" width=\"414\" sizes=\"auto, (min-width:1199px) 1155px,(min-width:1001px) calc(100vw - 44px),(min-width:768px) 767px, 100vw\" src=\"https:\/\/imagenes.elpais.com\/resizer\/v2\/ZP3GSBFSD5HV7CMKBK7YZT4ORM.jpg?auth=486561a19108d68c52e51b5d6f26f6a16a927d23ff56fd790ef9cb52125099b5&amp;width=414\" loading=\"lazy\"\/><svg class=\"icon_multimedia_ampliar | _pa a_m_i a_m_i-a _dn\" viewbox=\"0 0 40 40\"><use xlink:href=\"#svg-ampliar\"\/><\/svg><\/span><figcaption class=\"a_m_p\"><span>Zeytin, una cr\u00eda de gorila de 5 meses rescatada en el aeropuerto de Estambul, el domingo 12 de enero.<\/span><span class=\"a_m_m\">Khalil Hamra (AP\/LaPresse)<\/span><\/figcaption><\/figure>\n<p class=\"\">\u201cLo que queremos y deseamos es que el beb\u00e9 gorila contin\u00fae su vida en su tierra natal\u201d, aclara el director regional de Conservaci\u00f3n de la Naturaleza y Parques Nacionales de Estambul, Fahrettin Ulu, tras informar de que lo m\u00e1s importante es que se establece en un ambiente seguro. La veterinaria Gulfem Esmen explica que cuando lleg\u00f3 por primera vez era muy t\u00edmido y se qued\u00f3 quieto donde lo dejaban. \u201cAhora ya no, incluso no se preocupa mucho por nosotros y juega solo\u201d, matiza.<\/p>\n<p class=\"\">Los gorilas occidentales y los orientales, que habitan en \u00c1frica central, est\u00e1n en peligro de extinci\u00f3n, seg\u00fan informa la Uni\u00f3n Internacional para la Conservaci\u00f3n de la Naturaleza. A medida que Estambul emerge como un importante centro a\u00e9reo entre continentes, los funcionarios de aduanas interceptan cada vez m\u00e1s animales comercializados ilegalmente. En el mes de octubre se encontraron 17 j\u00f3venes cocodrilos del Nilo y 10 lagartos en el equipaje de un pasajero egipcio en el aeropuerto Sabiha Gokcen.<\/p>\n<\/div>\n\n","protected":false},"excerpt":{"rendered":"<p>Los servicios de la Direcci\u00f3n General de Conservaci\u00f3n de la Naturaleza y Parques Nacionales de Turqu\u00eda estudian la posibilidad de devolver a su h\u00e1bitat natural al gorila de cinco meses rescatado el pasado 22 de diciembre del compartimento de carga de un avi\u00f3n. As\u00ed lo inform\u00e9 este domingo. El peque\u00f1o simio, encontrado dentro de una &hellip;<\/p>\n","protected":false},"author":1,"featured_media":10242,"comment_status":"open","ping_status":"open","sticky":false,"template":"","format":"standard","meta":{"fifu_image_url":"https:\/\/imagenes.elpais.com\/resizer\/v2\/U4GCPBPHSBA2TCAKPLS6AHKPCA.jpg?auth=1b3da447260bf3bca77dccd2e7da119a91ba93395fb22c9ff7df955a6cd7a63c&width=1200","fifu_image_alt":"","footnotes":""},"categories":[11],"tags":[],"class_list":["post-10241","post","type-post","status-publish","format-standard","has-post-thumbnail","","category-viaje"],"_links":{"self":[{"href":"https:\/\/noticiasveraces.com\/index.php?rest_route=\/wp\/v2\/posts\/10241","targetHints":{"allow":["GET"]}}],"collection":[{"href":"https:\/\/noticiasveraces.com\/index.php?rest_route=\/wp\/v2\/posts"}],"about":[{"href":"https:\/\/noticiasveraces.com\/index.php?rest_route=\/wp\/v2\/types\/post"}],"author":[{"embeddable":true,"href":"https:\/\/noticiasveraces.com\/index.php?rest_route=\/wp\/v2\/users\/1"}],"replies":[{"embeddable":true,"href":"https:\/\/noticiasveraces.com\/index.php?rest_route=%2Fwp%2Fv2%2Fcomments&post=10241"}],"version-history":[{"count":0,"href":"https:\/\/noticiasveraces.com\/index.php?rest_route=\/wp\/v2\/posts\/10241\/revisions"}],"wp:featuredmedia":[{"embeddable":true,"href":"https:\/\/noticiasveraces.com\/index.php?rest_route=\/wp\/v2\/media\/10242"}],"wp:attachment":[{"href":"https:\/\/noticiasveraces.com\/index.php?rest_route=%2Fwp%2Fv2%2Fmedia&parent=10241"}],"wp:term":[{"taxonomy":"category","embeddable":true,"href":"https:\/\/noticiasveraces.com\/index.php?rest_route=%2Fwp%2Fv2%2Fcategories&post=10241"},{"taxonomy":"post_tag","embeddable":true,"href":"https:\/\/noticiasveraces.com\/index.php?rest_route=%2Fwp%2Fv2%2Ftags&post=10241"}],"curies":[{"name":"wp","href":"https:\/\/api.w.org\/{rel}","templated":true}]}}