{"id":10231,"date":"2025-01-13T06:15:13","date_gmt":"2025-01-13T10:15:13","guid":{"rendered":"https:\/\/noticiasveraces.com\/?p=10231"},"modified":"2025-01-13T06:15:13","modified_gmt":"2025-01-13T10:15:13","slug":"iran-y-paises-europeos-sostendran-reunion-en-ginebra-dw-13-01-2025","status":"publish","type":"post","link":"https:\/\/noticiasveraces.com\/?p=10231","title":{"rendered":"Ir\u00e1n y pa\u00edses europeos sostendr\u00e1n reuni\u00f3n en Ginebra \u2013 DW \u2013 13\/01\/2025"},"content":{"rendered":"<p> \n<\/p>\n<div>\n<p>Representantes de Ir\u00e1n y tres pa\u00edses europeos (Francia, Reino Unido y Alemania) se reunir\u00e1n este lunes y martes (13 y 14 de enero de 2025) en Ginebra (Suiza) para sostener conversaciones sobre el programa nuclear de Teher\u00e1n y el papel de ese pa\u00eds. en los conflictos de Medio Oriente y Ucrania, una semana antes del regreso a la Casa Blanca del republicano Donald Trump.<\/p>\n<p>Es la segunda ronda de conversaciones sobre esta cuesti\u00f3n en menos de dos meses despu\u00e9s de un discreto encuentro tambi\u00e9n en Ginebra en noviembre entre Teher\u00e1n y estas tres potencias europeas conocidas como el E3. \u00abEsto no son negociaciones\u00bb, afirm\u00f3 el Ministerio de Relaciones Exteriores de Alemania. Ir\u00e1n apunt\u00f3 en el mismo sentido y dijo que las conversaciones son simplemente \u00abconsultas\u00bb.<\/p>\n<p>La reuni\u00f3n es una se\u00f1al de que los pa\u00edses del E3 \u00abcontin\u00faan trabajando por una soluci\u00f3n diplom\u00e1tica al programa nuclear iran\u00ed, cuyo progreso es extremadamente problem\u00e1tico\u00bb, afirm\u00f3 el Ministerio de Relaciones Exteriores franc\u00e9s el jueves. El portavoz del Ministerio de Exteriores iran\u00ed, Ismail Baghaei, dijo que el objetivo principal de las conversaciones es \u00ablevantar las sanciones ilegales y represivas contra Ir\u00e1n\u00bb y se discutir\u00e1 un amplio abanico de temas, incluida la cuesti\u00f3n nuclear.<\/p>\n<h2>\u00abCamino del Di\u00e1logo\u201d<\/h2>\n<p>\u00abEstamos escuchando los puntos de vista de la contraparte sobre la cuesti\u00f3n nuclear\u201d, asegur\u00f3 Baghaei, a la vez que insisti\u00f3 en que la posici\u00f3n de la Rep\u00fablica Isl\u00e1mica es \u00abseguir el camino del di\u00e1logo\u00bb, teniendo en cuenta que \u00abla negociaci\u00f3n es una calle de doble sentido y no vamos a rogar para negociar\u201d. Respecto a Estados Unidos indic\u00f3 que \u201ctomaremos decisiones en funci\u00f3n de sus acciones\u201d.<\/p>\n<p>El programa nuclear iran\u00ed recibe una atenci\u00f3n renovada ante el inminente regreso a la Casa Blanca de Donald Trump el 20 de enero. Durante su primer mandato, Trump aplic\u00f3 una pol\u00edtica de \u00abm\u00e1xima presi\u00f3n\u00bb a Teher\u00e1n que llev\u00f3 a la retirada de Estados Unidos del acuerdo de 2015 que limitaba el programa nuclear de Ir\u00e1n a cambio de un alivio de las sanciones.<\/p>\n<p>La Rep\u00fablica Isl\u00e1mica se mantuvo fiel a las condiciones del acuerdo hasta la retirada de Washington, pero despu\u00e9s empez\u00f3 a faltar a sus compromisos. Los intentos de recuperar ese pacto han fracasado y los representantes europeos han expresado repetidamente su frustraci\u00f3n por los incumplimientos iran\u00edes.<\/p>\n<p>DZC (EFE, AFP)<\/p>\n<\/div>\n\n","protected":false},"excerpt":{"rendered":"<p>Representantes de Ir\u00e1n y tres pa\u00edses europeos (Francia, Reino Unido y Alemania) se reunir\u00e1n este lunes y martes (13 y 14 de enero de 2025) en Ginebra (Suiza) para sostener conversaciones sobre el programa nuclear de Teher\u00e1n y el papel de ese pa\u00eds. en los conflictos de Medio Oriente y Ucrania, una semana antes del &hellip;<\/p>\n","protected":false},"author":1,"featured_media":10232,"comment_status":"open","ping_status":"open","sticky":false,"template":"","format":"standard","meta":{"fifu_image_url":"https:\/\/static.dw.com\/image\/64760013_6.jpg","fifu_image_alt":"","footnotes":""},"categories":[13],"tags":[],"class_list":["post-10231","post","type-post","status-publish","format-standard","has-post-thumbnail","","category-mundo"],"_links":{"self":[{"href":"https:\/\/noticiasveraces.com\/index.php?rest_route=\/wp\/v2\/posts\/10231","targetHints":{"allow":["GET"]}}],"collection":[{"href":"https:\/\/noticiasveraces.com\/index.php?rest_route=\/wp\/v2\/posts"}],"about":[{"href":"https:\/\/noticiasveraces.com\/index.php?rest_route=\/wp\/v2\/types\/post"}],"author":[{"embeddable":true,"href":"https:\/\/noticiasveraces.com\/index.php?rest_route=\/wp\/v2\/users\/1"}],"replies":[{"embeddable":true,"href":"https:\/\/noticiasveraces.com\/index.php?rest_route=%2Fwp%2Fv2%2Fcomments&post=10231"}],"version-history":[{"count":0,"href":"https:\/\/noticiasveraces.com\/index.php?rest_route=\/wp\/v2\/posts\/10231\/revisions"}],"wp:featuredmedia":[{"embeddable":true,"href":"https:\/\/noticiasveraces.com\/index.php?rest_route=\/wp\/v2\/media\/10232"}],"wp:attachment":[{"href":"https:\/\/noticiasveraces.com\/index.php?rest_route=%2Fwp%2Fv2%2Fmedia&parent=10231"}],"wp:term":[{"taxonomy":"category","embeddable":true,"href":"https:\/\/noticiasveraces.com\/index.php?rest_route=%2Fwp%2Fv2%2Fcategories&post=10231"},{"taxonomy":"post_tag","embeddable":true,"href":"https:\/\/noticiasveraces.com\/index.php?rest_route=%2Fwp%2Fv2%2Ftags&post=10231"}],"curies":[{"name":"wp","href":"https:\/\/api.w.org\/{rel}","templated":true}]}}