{"id":10220,"date":"2025-01-13T05:12:55","date_gmt":"2025-01-13T09:12:55","guid":{"rendered":"https:\/\/noticiasveraces.com\/?p=10220"},"modified":"2025-01-13T05:12:55","modified_gmt":"2025-01-13T09:12:55","slug":"parlamento-de-ecuador-estipula-que-abad-debe-reemplazar-a-noboa-en-caso-de-licencia","status":"publish","type":"post","link":"https:\/\/noticiasveraces.com\/?p=10220","title":{"rendered":"Parlamento de Ecuador estipula que Abad debe reemplazar a Noboa en caso de licencia"},"content":{"rendered":"<p> \n<br \/><img decoding=\"async\" src=\"https:\/\/s.france24.com\/media\/display\/cea636c6-cee1-11ef-b8d4-005056bfb2b6\/w:1024\/p:16x9\/AP24325572436807.jpg\" \/><br \/>El secretario general de la Asamblea Nacional de Ecuador, Alejandro Mu\u00f1oz, asegur\u00f3 este jueves 9 de enero que la vicepresidenta electa, Ver\u00f3nica Abad, es quien debe asumir la jefatura del Estado frente a una licencia de Daniel Noboa, mandatario de la naci\u00f3n andina, para hacer campa\u00f1a electoral. Por su parte, Abad alert\u00f3 de un \u00abgolpe de Estado\u00bb planificado, seg\u00fan ella, por el presidente.<br \/>\n<br \/>\n","protected":false},"excerpt":{"rendered":"<p>El secretario general de la Asamblea Nacional de Ecuador, Alejandro Mu\u00f1oz, asegur\u00f3 este jueves 9 de enero que la vicepresidenta electa, Ver\u00f3nica Abad, es quien debe asumir la jefatura del Estado frente a una licencia de Daniel Noboa, mandatario de la naci\u00f3n andina, para hacer campa\u00f1a electoral. Por su parte, Abad alert\u00f3 de un \u00abgolpe &hellip;<\/p>\n","protected":false},"author":1,"featured_media":10222,"comment_status":"open","ping_status":"open","sticky":false,"template":"","format":"standard","meta":{"fifu_image_url":"https:\/\/s.france24.com\/media\/display\/cea636c6-cee1-11ef-b8d4-005056bfb2b6\/w:1024\/p:16x9\/AP24325572436807.jpg","fifu_image_alt":"","footnotes":""},"categories":[13],"tags":[],"class_list":["post-10220","post","type-post","status-publish","format-standard","has-post-thumbnail","","category-mundo"],"_links":{"self":[{"href":"https:\/\/noticiasveraces.com\/index.php?rest_route=\/wp\/v2\/posts\/10220","targetHints":{"allow":["GET"]}}],"collection":[{"href":"https:\/\/noticiasveraces.com\/index.php?rest_route=\/wp\/v2\/posts"}],"about":[{"href":"https:\/\/noticiasveraces.com\/index.php?rest_route=\/wp\/v2\/types\/post"}],"author":[{"embeddable":true,"href":"https:\/\/noticiasveraces.com\/index.php?rest_route=\/wp\/v2\/users\/1"}],"replies":[{"embeddable":true,"href":"https:\/\/noticiasveraces.com\/index.php?rest_route=%2Fwp%2Fv2%2Fcomments&post=10220"}],"version-history":[{"count":0,"href":"https:\/\/noticiasveraces.com\/index.php?rest_route=\/wp\/v2\/posts\/10220\/revisions"}],"wp:featuredmedia":[{"embeddable":true,"href":"https:\/\/noticiasveraces.com\/index.php?rest_route=\/wp\/v2\/media\/10222"}],"wp:attachment":[{"href":"https:\/\/noticiasveraces.com\/index.php?rest_route=%2Fwp%2Fv2%2Fmedia&parent=10220"}],"wp:term":[{"taxonomy":"category","embeddable":true,"href":"https:\/\/noticiasveraces.com\/index.php?rest_route=%2Fwp%2Fv2%2Fcategories&post=10220"},{"taxonomy":"post_tag","embeddable":true,"href":"https:\/\/noticiasveraces.com\/index.php?rest_route=%2Fwp%2Fv2%2Ftags&post=10220"}],"curies":[{"name":"wp","href":"https:\/\/api.w.org\/{rel}","templated":true}]}}