{"id":10198,"date":"2025-01-13T01:02:21","date_gmt":"2025-01-13T05:02:21","guid":{"rendered":"https:\/\/noticiasveraces.com\/?p=10198"},"modified":"2025-01-13T01:02:21","modified_gmt":"2025-01-13T05:02:21","slug":"noboa-su-vicepresidenta-o-una-mandataria-interina-la-crisis-en-ecuador-a-un-mes-de-las-elecciones","status":"publish","type":"post","link":"https:\/\/noticiasveraces.com\/?p=10198","title":{"rendered":"\u00bfNoboa, su vicepresidenta o una mandataria interina? La crisis en Ecuador a un mes de las elecciones"},"content":{"rendered":"<p> \n<br \/><img decoding=\"async\" src=\"https:\/\/s.france24.com\/media\/display\/3a94c9d8-d162-11ef-a76d-005056a97e36\/w:1024\/p:16x9\/abd%20noboa.jpg\" \/><br \/>Ecuador est\u00e1 a un mes de acudir a las urnas: el pr\u00f3ximo 9 de febrero los ecuatorianos elegir\u00e1n al pr\u00f3ximo presidente. Pero, la campa\u00f1a electoral, ya en curso, est\u00e1 envuelta en una crisis pol\u00edtica desencadenada por la enemistad entre el presidente, Daniel Noboa, y la vicepresidenta, Ver\u00f3nica Abad. En France 24 explicamos los puntos clave de la disputa y por qu\u00e9 impacta la campa\u00f1a.<br \/>\n<br \/>\n","protected":false},"excerpt":{"rendered":"<p>Ecuador est\u00e1 a un mes de acudir a las urnas: el pr\u00f3ximo 9 de febrero los ecuatorianos elegir\u00e1n al pr\u00f3ximo presidente. Pero, la campa\u00f1a electoral, ya en curso, est\u00e1 envuelta en una crisis pol\u00edtica desencadenada por la enemistad entre el presidente, Daniel Noboa, y la vicepresidenta, Ver\u00f3nica Abad. En France 24 explicamos los puntos clave &hellip;<\/p>\n","protected":false},"author":1,"featured_media":10200,"comment_status":"open","ping_status":"open","sticky":false,"template":"","format":"standard","meta":{"fifu_image_url":"https:\/\/s.france24.com\/media\/display\/3a94c9d8-d162-11ef-a76d-005056a97e36\/w:1024\/p:16x9\/abd%20noboa.jpg","fifu_image_alt":"","footnotes":""},"categories":[13],"tags":[],"class_list":["post-10198","post","type-post","status-publish","format-standard","has-post-thumbnail","","category-mundo"],"_links":{"self":[{"href":"https:\/\/noticiasveraces.com\/index.php?rest_route=\/wp\/v2\/posts\/10198","targetHints":{"allow":["GET"]}}],"collection":[{"href":"https:\/\/noticiasveraces.com\/index.php?rest_route=\/wp\/v2\/posts"}],"about":[{"href":"https:\/\/noticiasveraces.com\/index.php?rest_route=\/wp\/v2\/types\/post"}],"author":[{"embeddable":true,"href":"https:\/\/noticiasveraces.com\/index.php?rest_route=\/wp\/v2\/users\/1"}],"replies":[{"embeddable":true,"href":"https:\/\/noticiasveraces.com\/index.php?rest_route=%2Fwp%2Fv2%2Fcomments&post=10198"}],"version-history":[{"count":0,"href":"https:\/\/noticiasveraces.com\/index.php?rest_route=\/wp\/v2\/posts\/10198\/revisions"}],"wp:featuredmedia":[{"embeddable":true,"href":"https:\/\/noticiasveraces.com\/index.php?rest_route=\/wp\/v2\/media\/10200"}],"wp:attachment":[{"href":"https:\/\/noticiasveraces.com\/index.php?rest_route=%2Fwp%2Fv2%2Fmedia&parent=10198"}],"wp:term":[{"taxonomy":"category","embeddable":true,"href":"https:\/\/noticiasveraces.com\/index.php?rest_route=%2Fwp%2Fv2%2Fcategories&post=10198"},{"taxonomy":"post_tag","embeddable":true,"href":"https:\/\/noticiasveraces.com\/index.php?rest_route=%2Fwp%2Fv2%2Ftags&post=10198"}],"curies":[{"name":"wp","href":"https:\/\/api.w.org\/{rel}","templated":true}]}}