{"id":10185,"date":"2025-01-12T22:11:34","date_gmt":"2025-01-13T02:11:34","guid":{"rendered":"https:\/\/noticiasveraces.com\/?p=10185"},"modified":"2025-01-12T22:11:34","modified_gmt":"2025-01-13T02:11:34","slug":"la-metamorfosis-trumpista-de-mark-zuckerberg-tecnologia","status":"publish","type":"post","link":"https:\/\/noticiasveraces.com\/?p=10185","title":{"rendered":"La metamorfosis trumpista de Mark Zuckerberg | Tecnolog\u00eda"},"content":{"rendered":"<p> \n<\/p>\n<div data-dtm-region=\"articulo_cuerpo\">\n<p class=\"\">Entre el p\u00e1lido y encorbatado Mark Zuckerberg que compareci\u00f3 en el Senado de Estados Unidos en 2018 y el de camiseta holgada, cadena de oro, reloj de lujo y pelo rizado que anunci\u00f3 esta semana el cambio de la pol\u00edtica de contenidos de Meta no hay solo un cambio de imagen. El fundador de Facebook, que ahora tiene 40 a\u00f1os, ha pasado de disculparse por la desinformaci\u00f3n que circulaba por su red social hasta alinearse con el trumpismo. La supresi\u00f3n de la verificaci\u00f3n de contenidos ni siquiera ha sido el \u00faltimo episodio de esa metamorfosis. Este mismo viernes, la responsable de recursos humanos comunicaba a los empleados que Meta elimina sus pol\u00edticas de diversidad, igualdad e inclusi\u00f3n en favor de las minor\u00edas, una pr\u00e1ctica puesta en la diana por Donald Trump y sus aliados.<\/p>\n<p class=\"\">Cuando Zuckerberg acudi\u00f3 al Senado hace casi siete a\u00f1os, estuvo en el ojo del hurac\u00e1n por la interferencia rusa en las elecciones presidenciales de 2016 y el esc\u00e1ndalo de uso de datos personales por Cambridge Analytica. \u201cNo tuvimos una visi\u00f3n suficientemente amplia de nuestra responsabilidad, y eso fue un gran error. Y fue mi error. Y lo lamento. Fund\u00e9 Facebook, lo dirijo, y soy responsable de lo que pas\u00f3 aqu\u00ed\u201d, dijo un contrito Zuckerberg. \u201cNo basta solo con dar voz a la gente. Tenemos que asegurarnos de que la gente no lo est\u00e1 utilizando para da\u00f1ar a otras personas o para difundir desinformaci\u00f3n\u201d, a\u00f1adi\u00f3.<\/p>\n<p class=\"\">Zuckerberg ya se hab\u00eda disculpado poco despu\u00e9s de las elecciones de 2016. \u201cNos tomamos en serio la desinformaci\u00f3n\u201d, proclam\u00f3 entonces medidas, anunciando en marcha para combatirla, entre ellas la verificaci\u00f3n por parte de terceros que acaba de suprimir. Instaurar\u00e1 en su lugar un sistema de notas de la comunidad similar al que usa X, la red social controlada por Elon Musk donde los bulos circulan libremente, a la que el fundador de Facebook puso expresamente como ejemplo. Al anunciar los cambios, enunci\u00f3 un nuevo <i>mea culpa:<\/i> \u201cHemos llegado a un punto en el que hay demasiados errores y demasiada censura\u201d, afirm\u00f3.<\/p>\n<p class=\"\">Entre esas disculpas en sentido contrario, la red social Facebook se ha visto sometida a un fuego cruzado entre quienes la responsabilizaban de desinformaci\u00f3n y quienes la acusaban de censura. Y Zuckerberg ha optado casi siempre por ponerse del lado del poder.<\/p>\n<p class=\"\">En 2019, Facebook anunci\u00f3 que exim\u00eda a los mensajes y anuncios de los pol\u00edticos de sus pr\u00e1cticas de comprobaci\u00f3n de hechos. Trump, por entonces presidente, pudo difundir bulos sobre Joe Biden en anuncios que algunas cadenas tradicionales rechazaron emitir por sus mentiras. En octubre de ese a\u00f1o, Zuckerberg dio un discurso en la Universidad de Georgetown en el que defendi\u00f3 esa posici\u00f3n: \u201cNo comprobamos los hechos de los anuncios pol\u00edticos. No lo hacemos para ayudar a los pol\u00edticos, sino porque creemos que la gente deber\u00eda poder ver por s\u00ed misma lo que dicen los pol\u00edticos. Y si el contenido es de inter\u00e9s period\u00edstico, tampoco lo retiramos, aunque de otro modo entrara en conflicto con muchas de nuestras normas\u201d, dijo. \u201cS\u00e9 que mucha gente no est\u00e1 de acuerdo, pero, en general, no me parece bien que una empresa privada censure a los pol\u00edticos o las noticias en una democracia\u201d, a\u00f1adi\u00f3.<\/p>\n<p class=\"\">En 2020, Joe Biden gan\u00f3 las elecciones. Tras el asalto al Capitolio del 6 de enero de 2021, Facebook suspendi\u00f3 la cuenta de Trump. La compa\u00f1\u00eda, adem\u00e1s, acat\u00f3 las peticiones del Gobierno de Biden de combatir la desinformaci\u00f3n sobre la pandemia, aline\u00e1ndose de nuevo con el poder. Al tiempo, Meta fue dejando de destacar los contenidos pol\u00edticos en sus redes sociales (Meta es due\u00f1a de Facebook, Instagram, WhatsApp y Threads) en favor del entretenimiento y las relaciones personales.<\/p>\n<p class=\"\">Esos vaivenes pol\u00edticos han venido acompa\u00f1ados por un cambio de estilo que se materializ\u00f3 el a\u00f1o pasado, pero que llevaba tiempo gest\u00e1ndose. Peter Thiel, inversor tecnol\u00f3gico para el que trabaj\u00f3 el vicepresidente electo, JD Vance, y mentor de largo recorrido del fundador de Facebook, recomendaba a Zuckerberg en 2020 \u2015en un correo que luego se hizo p\u00fablico en un procedimiento judicial\u2015 que dejase de aparecer como \u201cuna construcci\u00f3n <i>baby boomer<\/i> de c\u00f3mo se supone que debe comportarse un <i>milenario <\/i>bien educado\u201d. La \u00faltima imagen de s\u00ed mismo con traje y corbata que comparti\u00f3 en Instagram es de 2020; Desde entonces, en cambio, ha publicado decenas de fotos y v\u00eddeos en los que se le ve practicando artes marciales y deportes de combate.<\/p>\n<p class=\"\">Fue el a\u00f1o pasado, sin embargo, cuando dej\u00f3 atr\u00e1s su camiseta gris, se dej\u00f3 crecer los rizos y renov\u00f3 su vestuario. \u201cParece alguien que ha estado prob\u00e1ndose cinco a\u00f1os de tendencias de moda masculina en cinco meses\u201d, escribi\u00f3 de \u00e9l en agosto Jacob Gallagher, por entonces columnista de moda masculina de <i>El diario de Wall Street. <\/i>Casi de la noche a la ma\u00f1ana, se hizo con una colecci\u00f3n de relojes de superlujo, aparentemente tras admirar al del multimillonario indio Anant Ambani en su boda. En un solo mes exhibi\u00f3 cinco diferentes, seg\u00fan la revista <i>GQ<\/i>.<\/p>\n<p class=\"\">Ideol\u00f3gicamente, el giro a la derecha de Zuckerberg se hizo m\u00e1s visible en los \u00faltimos meses. Elogi\u00f3 cerradamente a Trump por su respuesta al atentado que sufri\u00f3 en julio. En agosto, en una carta a un congresista republicano, critic\u00f3 al Gobierno de Biden por presionar \u201crepetidamente\u201d a la compa\u00f1\u00eda para retirar la desinformaci\u00f3n sobre la pandemia y las vacunas. En esa misma carta, dec\u00eda sobre su actividad pol\u00edtica: \u201cMi objetivo es ser neutral y no jugar un papel en un sentido o en otro, o que parezca que lo juego\u201d.<\/p>\n<p class=\"\">Tras las elecciones de noviembre, se dejaron remilgos. Acudi\u00f3 a finales de ese mes a Mar-a-Lago a besar el anillo del presidente electo. Decidi\u00f3 donarle un mill\u00f3n de d\u00f3lares para los gastos de la transici\u00f3n de poder. Los gestos se sucedieron. El antiguo viceprimer ministro brit\u00e1nico Nick Clegg, encargado de los asuntos regulatorios y las relaciones institucionales, anunci\u00f3 su dimisi\u00f3n y Zuckerberg se puso al frente de las responsabilidades regulatorias y de relaciones institucionales a Joel Kaplan, un ejecutivo con estrechos lazos con los republicanos que llevaba en la compa\u00f1\u00eda desde 2011 y ejerc\u00eda como n\u00famero dos de Clegg. Despu\u00e9s, fich\u00f3 como consejero de Meta a Dana White, consejero delegado de Ultimate Fighting Championship (UFC), organizadora de torneos profesionales de artes marciales, amigo y aliado de Trump desde que el magnate dio acogida a sus combates en su complejo de Atlantic City, cuando la lucha libre, a la que el presidente electo es gran aficionado, estaba de capa ca\u00edda.<\/p>\n<p class=\"\">Y luego lleg\u00f3 el cambio en su pol\u00edtica de contenidos. Eliminar la verificaci\u00f3n por terceros es solo una parte de los mismos. Tambi\u00e9n aumenta la tolerancia frente al discurso de odio. En sus explicaciones en Instagram, Zuckerberg dijo que Meta eliminaba \u201clas restricciones sobre temas como la inmigraci\u00f3n y el g\u00e9nero que est\u00e1n fuera de sinton\u00eda con el discurso dominante\u201d, citando \u201clas recientes elecciones\u201d como catalizador.<\/p>\n<p class=\"\">el digital <i>El interceptor<\/i>t ha desvelado los materiales de preparaci\u00f3n con algunas de las frases que pasan a ser admisibles. Incluyen ataques a inmigrantes (\u201clos inmigrantes son sucios y asquerosos pedazos de mierda\u201d; \u201clos inmigrantes mexicanos son basura\u201d; \u201cestos malditos inmigrantes no son de fiar, son todos criminales\u201d), a la comunidad LGTBI (\u201clos gais son unos bichos raros\u201d, \u201clos gais son pecadores\u201d; \u201clos trans son inmorales\u201d; \u201clas personas trans son enfermos mentales\u201d) o insultos que incluyenn a los genitales (\u201clos italianos son gilipollas\u201d).<\/p>\n<p class=\"\">Cuando a Trump le preguntaron si cre\u00eda que los cambios de pol\u00edtica de Meta eran consecuencia de sus presiones a Zuckerberg, contest\u00f3 asintiendo con suficiencia: \u201cProbablemente, probablemente\u201d.<\/p>\n<\/div>\n\n","protected":false},"excerpt":{"rendered":"<p>Entre el p\u00e1lido y encorbatado Mark Zuckerberg que compareci\u00f3 en el Senado de Estados Unidos en 2018 y el de camiseta holgada, cadena de oro, reloj de lujo y pelo rizado que anunci\u00f3 esta semana el cambio de la pol\u00edtica de contenidos de Meta no hay solo un cambio de imagen. El fundador de Facebook, &hellip;<\/p>\n","protected":false},"author":1,"featured_media":10186,"comment_status":"open","ping_status":"open","sticky":false,"template":"","format":"standard","meta":{"fifu_image_url":"https:\/\/imagenes.elpais.com\/resizer\/v2\/SPTNT5BF2FGOTJJ4XL6ISJ6MIE.jpg?auth=4410fc92c06590c01cea7eac5e10a8ff14c9df489d4130355f63a14ab3af8d0b&width=1200","fifu_image_alt":"","footnotes":""},"categories":[2],"tags":[],"class_list":["post-10185","post","type-post","status-publish","format-standard","has-post-thumbnail","","category-tecnologia"],"_links":{"self":[{"href":"https:\/\/noticiasveraces.com\/index.php?rest_route=\/wp\/v2\/posts\/10185","targetHints":{"allow":["GET"]}}],"collection":[{"href":"https:\/\/noticiasveraces.com\/index.php?rest_route=\/wp\/v2\/posts"}],"about":[{"href":"https:\/\/noticiasveraces.com\/index.php?rest_route=\/wp\/v2\/types\/post"}],"author":[{"embeddable":true,"href":"https:\/\/noticiasveraces.com\/index.php?rest_route=\/wp\/v2\/users\/1"}],"replies":[{"embeddable":true,"href":"https:\/\/noticiasveraces.com\/index.php?rest_route=%2Fwp%2Fv2%2Fcomments&post=10185"}],"version-history":[{"count":0,"href":"https:\/\/noticiasveraces.com\/index.php?rest_route=\/wp\/v2\/posts\/10185\/revisions"}],"wp:featuredmedia":[{"embeddable":true,"href":"https:\/\/noticiasveraces.com\/index.php?rest_route=\/wp\/v2\/media\/10186"}],"wp:attachment":[{"href":"https:\/\/noticiasveraces.com\/index.php?rest_route=%2Fwp%2Fv2%2Fmedia&parent=10185"}],"wp:term":[{"taxonomy":"category","embeddable":true,"href":"https:\/\/noticiasveraces.com\/index.php?rest_route=%2Fwp%2Fv2%2Fcategories&post=10185"},{"taxonomy":"post_tag","embeddable":true,"href":"https:\/\/noticiasveraces.com\/index.php?rest_route=%2Fwp%2Fv2%2Ftags&post=10185"}],"curies":[{"name":"wp","href":"https:\/\/api.w.org\/{rel}","templated":true}]}}