{"id":10183,"date":"2025-01-12T22:06:50","date_gmt":"2025-01-13T02:06:50","guid":{"rendered":"https:\/\/noticiasveraces.com\/?p=10183"},"modified":"2025-01-12T22:06:50","modified_gmt":"2025-01-13T02:06:50","slug":"perro-peludo-va-a-la-peluqueria-pero-regresa-luciendo-muy-diferente-extrano-noticias","status":"publish","type":"post","link":"https:\/\/noticiasveraces.com\/?p=10183","title":{"rendered":"Perro peludo va a la peluquer\u00eda pero regresa luciendo muy diferente | Extra\u00f1o | Noticias"},"content":{"rendered":"<p> \n<\/p>\n<div>\n<p>El due\u00f1o de un perro se puso hist\u00e9rico por el nuevo peinado de los a\u00f1os 70 de su perro, pero no a todos les resulta gracioso. El due\u00f1o explic\u00f3 c\u00f3mo reserv\u00f3 a su perra, Lola, para su corte de rutina para asegurarse de que su pelaje no se enrede y le cause problemas.<\/p>\n<p>Pero al levantarla, se sorprendi\u00f3 porque ahora lleva una &#8216;permanente&#8217;. En Reddit, dijo: \u00abMi pobre perro regres\u00f3 de la peluquer\u00eda con este aspecto. Es tan malo. Lo amo mucho\u00bb. Comparando su nuevo peinado con el de un \u00abrompecorazones de los a\u00f1os 70\u00bb, se ve a la pobre Lola mirando a lo lejos y luciendo muy maltratada.<\/p>\n<p>Al comentar la imagen, un usuario dijo: \u00abSeguro que tiene caramelo en su bolso\u00bb. Otro usuario dijo: \u00abCreo que mi madre ten\u00eda el mismo peinado en el 87&#8230;\u00bb Un tercer usuario a\u00f1adi\u00f3: \u00abMi marido y yo nos re\u00edmos mucho de esto. Espero que tengas el mejor d\u00eda de tu vida\u00bb.<\/p>\n<\/div>\n<div>\n<p>Un usuario m\u00e1s dijo: \u00abComo mi cabello se ve as\u00ed, puede que sea parcial, pero voy a decir que se ve preciosa\u00bb. Otro usuario a\u00f1adi\u00f3: \u00abAs\u00ed es en realidad mi jefe\u00bb. Se produce despu\u00e9s de que otro perro regresara de la peluquer\u00eda con un nuevo estilo que coincid\u00eda con su actitud.<\/p>\n<\/div>\n<div>\n<p>Al asegurar a la gente que \u00abno es s\u00f3lo una fase\u00bb, el peluquero le dio al Terranova un \u00abpeinado emo\u00bb despu\u00e9s de afeitarle el doble pelaje a su perro para ayudar a aliviar el dolor causado por una afecci\u00f3n de la piel. Si bien puede parecer rid\u00edculo, el due\u00f1o dice que su nueva apariencia radical es lo mejor para su mascota.<\/p>\n<\/div>\n<div>\n<p>Le dijo a Reddit: \u00abTiene una afecci\u00f3n de la piel que necesita soluci\u00f3n y mojarse todo el tiempo no le ayuda ni a \u00e9l ni a \u00e9l. Adem\u00e1s, su pelaje vuelve a crecer bastante r\u00e1pido. \u00abNo quer\u00eda afeitarlo, \u00a1pero debe hacerlo! Y en cuanto al pelo de su cabeza, incluso con su abrigo largo, sigue siendo el mismo. Su padre tambi\u00e9n tiene este estilo loco, as\u00ed que est\u00e1 en su l\u00ednea de sangre\u00bb.<\/p>\n<p>Aunque al perro, llamado Logan, no le gusta su nuevo peinado, ha hecho su trabajo al permitir que su piel sane.<\/p>\n<p>\u00abA veces hay que hacerlo para mejorar la salud del perro\u00bb, a\u00f1adi\u00f3. \u00abLe pica mucho, se enrojece y le duele y sus o\u00eddos tambi\u00e9n se infectan\u00bb.<\/p>\n<p>Pero como Logan no tiene ning\u00fan problema en la piel de la cabeza, el peluquero decidi\u00f3 abandonar esta \u00e1rea, haci\u00e9ndolo parecer como si tuviera un \u00abcorte de pelo estilo emo\u00bb. \u00a1Todav\u00eda nos parece s\u00faper lindo!<\/p>\n<\/div>\n\n","protected":false},"excerpt":{"rendered":"<p>El due\u00f1o de un perro se puso hist\u00e9rico por el nuevo peinado de los a\u00f1os 70 de su perro, pero no a todos les resulta gracioso. El due\u00f1o explic\u00f3 c\u00f3mo reserv\u00f3 a su perra, Lola, para su corte de rutina para asegurarse de que su pelaje no se enrede y le cause problemas. Pero al &hellip;<\/p>\n","protected":false},"author":1,"featured_media":10184,"comment_status":"open","ping_status":"open","sticky":false,"template":"","format":"standard","meta":{"fifu_image_url":"https:\/\/cdn.images.express.co.uk\/img\/dynamic\/80\/1200x630\/5882580.jpg","fifu_image_alt":"","footnotes":""},"categories":[763],"tags":[],"class_list":["post-10183","post","type-post","status-publish","format-standard","has-post-thumbnail","","category-estilo-de-vida"],"_links":{"self":[{"href":"https:\/\/noticiasveraces.com\/index.php?rest_route=\/wp\/v2\/posts\/10183","targetHints":{"allow":["GET"]}}],"collection":[{"href":"https:\/\/noticiasveraces.com\/index.php?rest_route=\/wp\/v2\/posts"}],"about":[{"href":"https:\/\/noticiasveraces.com\/index.php?rest_route=\/wp\/v2\/types\/post"}],"author":[{"embeddable":true,"href":"https:\/\/noticiasveraces.com\/index.php?rest_route=\/wp\/v2\/users\/1"}],"replies":[{"embeddable":true,"href":"https:\/\/noticiasveraces.com\/index.php?rest_route=%2Fwp%2Fv2%2Fcomments&post=10183"}],"version-history":[{"count":0,"href":"https:\/\/noticiasveraces.com\/index.php?rest_route=\/wp\/v2\/posts\/10183\/revisions"}],"wp:featuredmedia":[{"embeddable":true,"href":"https:\/\/noticiasveraces.com\/index.php?rest_route=\/wp\/v2\/media\/10184"}],"wp:attachment":[{"href":"https:\/\/noticiasveraces.com\/index.php?rest_route=%2Fwp%2Fv2%2Fmedia&parent=10183"}],"wp:term":[{"taxonomy":"category","embeddable":true,"href":"https:\/\/noticiasveraces.com\/index.php?rest_route=%2Fwp%2Fv2%2Fcategories&post=10183"},{"taxonomy":"post_tag","embeddable":true,"href":"https:\/\/noticiasveraces.com\/index.php?rest_route=%2Fwp%2Fv2%2Ftags&post=10183"}],"curies":[{"name":"wp","href":"https:\/\/api.w.org\/{rel}","templated":true}]}}