{"id":10178,"date":"2025-01-12T21:49:38","date_gmt":"2025-01-13T01:49:38","guid":{"rendered":"https:\/\/noticiasveraces.com\/?p=10178"},"modified":"2025-01-12T21:49:38","modified_gmt":"2025-01-13T01:49:38","slug":"la-joven-china-que-probo-que-se-puede-vivir-sin-cerebelo","status":"publish","type":"post","link":"https:\/\/noticiasveraces.com\/?p=10178","title":{"rendered":"La joven china que prob\u00f3 que se puede vivir sin cerebelo"},"content":{"rendered":"<p> \n<\/p>\n<div id=\"\">\n<figure class=\"bbc-1qn0xuy\">\n<div class=\"bbc-j1srjl\" style=\"padding-bottom:56.25%\"><img loading=\"lazy\" decoding=\"async\" srcset=\"https:\/\/ichef.bbci.co.uk\/ace\/ws\/240\/amz\/worldservice\/live\/assets\/images\/2014\/09\/16\/140916145622_cerebelo_464x261_thinkstock.jpg.webp 240w, https:\/\/ichef.bbci.co.uk\/ace\/ws\/320\/amz\/worldservice\/live\/assets\/images\/2014\/09\/16\/140916145622_cerebelo_464x261_thinkstock.jpg.webp 320w, https:\/\/ichef.bbci.co.uk\/ace\/ws\/464\/amz\/worldservice\/live\/assets\/images\/2014\/09\/16\/140916145622_cerebelo_464x261_thinkstock.jpg.webp 464w\" sizes=\"auto, (min-width: 1008px) 760px, 100vw\" alt=\"El cerebelo se considera esencial para muchas funciones cotidianas.\" width=\"464\" height=\"261\" src=\"aspect-ratio:464 \/ 261\" class=\"bbc-139onq\"\/><\/p>\n<p class=\"bbc-by8ykd\" role=\"text\"><span class=\"bbc-m04vo2\">Fuente de la imagen, <\/span><span lang=\"en-GB\">ThinkStock<\/span><\/p>\n<\/div><figcaption class=\"bbc-15f1ujd\" dir=\"ltr\"><span role=\"text\"><span class=\"bbc-m04vo2\">pastel de foto, <\/span><span data-testid=\"caption-paragraph\">El cerebelo se considera esencial para muchas funciones cotidianas.<\/span><\/span><\/figcaption><\/figure>\n<section role=\"region\" aria-labelledby=\"article-byline\" class=\"bbc-1vjaf6b\"><strong id=\"article-byline\" aria-hidden=\"true\" class=\"bbc-m04vo2\">Informaci\u00f3n del art\u00edculo<\/strong><\/p>\n<ul role=\"list\" class=\"bbc-1rvtlej\">\n<li><span role=\"text\"><span class=\"bbc-m04vo2\">Autor, <\/span><span class=\"bbc-1ypcc2\">Salud<\/span><\/span><\/li>\n<li><span role=\"text\"><span class=\"bbc-m04vo2\">T\u00edtulo del autor, <!-- --> <\/span><span class=\"bbc-1y5sx98\">BBC Mundo<\/span><\/span><\/li>\n<li class=\"bbc-v8pmqw\">\n<div dir=\"ltr\" class=\"bbc-19j92fr ebmt73l0\"><time datetime=\"2014-09-16\" class=\"bbc-1dafq0j e1mklfmt0\">16 septiembre 2014<\/time><\/p>\n<p><time datetime=\"2014-09-17\" class=\"bbc-1dafq0j e1mklfmt0\">Actualizado 17 de septiembre de 2014<\/time><\/p>\n<\/div>\n<\/li>\n<\/ul>\n<\/section>\n<div dir=\"ltr\" class=\"bbc-19j92fr ebmt73l0\">\n<p dir=\"ltr\" class=\"bbc-hhl7in e17g058b0\"><b>El cerebelo es una parte del cerebro fundamental para la vida humana, pero \u00bfes imprescindible? Hasta ahora se pensaba que s\u00ed, pero al parecer est\u00e1bamos equivocados. Eso es por lo menos lo que demuestra el caso de una mujer china que se ha descubierto que no tiene cerebelo.<\/b><\/p>\n<\/div>\n<div dir=\"ltr\" class=\"bbc-19j92fr ebmt73l0\">\n<p dir=\"ltr\" class=\"bbc-hhl7in e17g058b0\">Los m\u00e9dicos hicieron el hallazgo despu\u00e9s de que la joven se someti\u00f3 a pruebas a consecuencia de los v\u00f3mitos y mareos que ven\u00eda sufriendo desde hac\u00eda tiempo.<\/p>\n<\/div>\n<figure class=\"bbc-1qn0xuy\">\n<div class=\"bbc-j1srjl\" style=\"padding-bottom:56.25%\"><img decoding=\"async\" srcset=\"https:\/\/ichef.bbci.co.uk\/ace\/ws\/240\/amz\/worldservice\/live\/assets\/images\/2014\/09\/16\/140916150347_cerebelo_304x171_newscientist.jpg.webp 240w, https:\/\/ichef.bbci.co.uk\/ace\/ws\/304\/amz\/worldservice\/live\/assets\/images\/2014\/09\/16\/140916150347_cerebelo_304x171_newscientist.jpg.webp 304w\" sizes=\"auto, (min-width: 1008px) 760px, 100vw\" alt=\"Escaner de la mujer sin cerebelo\" loading=\"lazy\" width=\"304\" height=\"171\" src=\"aspect-ratio:304 \/ 171\" class=\"bbc-139onq\"\/><\/p>\n<p class=\"bbc-by8ykd\" role=\"text\"><span class=\"bbc-m04vo2\">Fuente de la imagen, <\/span><span lang=\"en-GB\">Nuevo cient\u00edfico<\/span><\/p>\n<\/div><figcaption class=\"bbc-15f1ujd\" dir=\"ltr\"><span role=\"text\"><span class=\"bbc-m04vo2\">pastel de foto, <\/span><span data-testid=\"caption-paragraph\">El caso de la mujer china ha sorprendido a la comunidad m\u00e9dica.<\/span><\/span><\/figcaption><\/figure>\n<div dir=\"ltr\" class=\"bbc-19j92fr ebmt73l0\">\n<p dir=\"ltr\" class=\"bbc-hhl7in e17g058b0\">El cerebelo regula la motricidad y est\u00e1 relacionado con el aprendizaje, las capacidades de la cognici\u00f3n, la atenci\u00f3n y hasta el lenguaje. Por lo tanto se supone que una persona con da\u00f1os en este \u00f3rgano tendr\u00eda serias dificultades a la hora de andar y hablar por ejemplo.<\/p>\n<\/div>\n<div dir=\"ltr\" class=\"bbc-19j92fr ebmt73l0\">\n<p dir=\"ltr\" class=\"bbc-hhl7in e17g058b0\">En el caso de la mujer china, aunque no logr\u00f3 caminar sola hasta los siete a\u00f1os y su habla no fue coherente hasta los seis, apenas ha sufrido transtornos asociados a la ausencia de cerebelo. Adem\u00e1s, al alcanzar los 24 a\u00f1os se ha convertido en madre.<\/p>\n<\/div>\n<section aria-label=\"Publicidad 2\" aria-hidden=\"true\" role=\"region\" data-e2e=\"advertisement\" class=\"bbc-geybui\"\/>\n<div dir=\"ltr\" class=\"bbc-19j92fr ebmt73l0\">\n<p dir=\"ltr\" class=\"bbc-hhl7in e17g058b0\">El caso ha descubierto a la comunidad m\u00e9dica.<\/p>\n<\/div>\n<div dir=\"ltr\" class=\"bbc-19j92fr ebmt73l0\">\n<p dir=\"ltr\" class=\"bbc-hhl7in e17g058b0\">Seg\u00fan la publicaci\u00f3n <i class=\"bbc-h1y5j7 eih42320\">Cerebro<\/i> gran parte de los pacientes en que se ha constatado esta anomal\u00eda son ni\u00f1os que, debido a dichas alteraciones, en ning\u00fan caso han llegado a alcanzar la edad adulta.<\/p>\n<\/div>\n<p><h2 id=\"C\u00f3mo-es-posible-vivir-tanto-tiempo-sin-cerebelo\" tabindex=\"-1\" class=\"bbc-1lgzob2 eglt09e0\">\u00bfC\u00f3mo es posible vivir tanto tiempo sin cerebelo?<\/h2>\n<\/p>\n<div dir=\"ltr\" class=\"bbc-19j92fr ebmt73l0\">\n<p dir=\"ltr\" class=\"bbc-hhl7in e17g058b0\">El cerebelo es un \u00f3rgano neurol\u00f3gico sumamente importante, su nombre significa \u00abpeque\u00f1o cerebro\u00bb en lat\u00edn y es responsable de la coordinaci\u00f3n de los movimientos finos, como por ejemplo los de la lengua y la boca, importantes para articular y poder hablar, as\u00ed como para agarrar cosas y caminar.<\/p>\n<\/div>\n<div dir=\"ltr\" class=\"bbc-19j92fr ebmt73l0\">\n<p dir=\"ltr\" class=\"bbc-hhl7in e17g058b0\">Normalmente las personas con da\u00f1os en esta zona se debilitan mucho en sus habilidades motoras.<\/p>\n<\/div>\n<div dir=\"ltr\" class=\"bbc-19j92fr ebmt73l0\">\n<p dir=\"ltr\" class=\"bbc-hhl7in e17g058b0\">No obstante, el caso de esta joven provoc\u00f3 en ella apenas problemas leves tanto en sus movimientos como en su capacidad para hablar. \u00bfC\u00f3mo es posible esto?<\/p>\n<\/div>\n<div dir=\"ltr\" class=\"bbc-19j92fr ebmt73l0\">\n<p dir=\"ltr\" class=\"bbc-hhl7in e17g058b0\">\u00abEste caso ilustra que los circuitos cerebrales son a\u00fan m\u00e1s flexibles de lo que pens\u00e1bamos. A pesar del hecho de que el cerebelo es la estructura del cerebro que contiene la mayor cantidad de neuronas, el cerebro en su conjunto puede trabajar sin \u00e9l, con relativamente pocos s\u00edntomas\u00bb, dijo a BBC Mundo el neur\u00f3logo Mario Manto, de la Universidad Libre de Bruselas (ULB).<\/p>\n<\/div>\n<div dir=\"ltr\" class=\"bbc-19j92fr ebmt73l0\">\n<p dir=\"ltr\" class=\"bbc-hhl7in e17g058b0\">Seg\u00fan Manto, demuestra \u00abc\u00f3mo el sistema cerebral funciona compensando las partes que faltan\u00bb, sobre todo ante determinadas anormalidades que pueden presentarse desde el nacimiento.<\/p>\n<\/div>\n<div dir=\"ltr\" class=\"bbc-19j92fr ebmt73l0\">\n<p dir=\"ltr\" class=\"bbc-hhl7in e17g058b0\">En opini\u00f3n de expertos, es muy probable que esta capacidad disminuya con la edad.<\/p>\n<\/div>\n<div dir=\"ltr\" class=\"bbc-19j92fr ebmt73l0\">\n<p dir=\"ltr\" class=\"bbc-hhl7in e17g058b0\">Aunque este no es el primer caso que se registra de una persona que nace sin cerebelo, los anteriores se refer\u00edan a ni\u00f1os y beb\u00e9s que mostraban deterioro mental severo, epilepsia y otros problemas estructurales del cerebro que los llevaron a la muerte generalmente.<\/p>\n<\/div>\n<div dir=\"ltr\" class=\"bbc-19j92fr ebmt73l0\">\n<p dir=\"ltr\" class=\"bbc-hhl7in e17g058b0\">Manto dijo que es \u00abse necesita investigar m\u00e1s para establecer las causas que provocan este trastorno raro\u00bb.<\/p>\n<\/div>\n<\/div>\n\n","protected":false},"excerpt":{"rendered":"<p>Fuente de la imagen, ThinkStock pastel de foto, El cerebelo se considera esencial para muchas funciones cotidianas. Informaci\u00f3n del art\u00edculo Autor, Salud T\u00edtulo del autor, BBC Mundo 16 septiembre 2014 Actualizado 17 de septiembre de 2014 El cerebelo es una parte del cerebro fundamental para la vida humana, pero \u00bfes imprescindible? Hasta ahora se pensaba &hellip;<\/p>\n","protected":false},"author":1,"featured_media":10179,"comment_status":"open","ping_status":"open","sticky":false,"template":"","format":"standard","meta":{"fifu_image_url":"aspect-ratio:464%20\/%20261","fifu_image_alt":"","footnotes":""},"categories":[8],"tags":[],"class_list":["post-10178","post","type-post","status-publish","format-standard","has-post-thumbnail","","category-salud"],"_links":{"self":[{"href":"https:\/\/noticiasveraces.com\/index.php?rest_route=\/wp\/v2\/posts\/10178","targetHints":{"allow":["GET"]}}],"collection":[{"href":"https:\/\/noticiasveraces.com\/index.php?rest_route=\/wp\/v2\/posts"}],"about":[{"href":"https:\/\/noticiasveraces.com\/index.php?rest_route=\/wp\/v2\/types\/post"}],"author":[{"embeddable":true,"href":"https:\/\/noticiasveraces.com\/index.php?rest_route=\/wp\/v2\/users\/1"}],"replies":[{"embeddable":true,"href":"https:\/\/noticiasveraces.com\/index.php?rest_route=%2Fwp%2Fv2%2Fcomments&post=10178"}],"version-history":[{"count":0,"href":"https:\/\/noticiasveraces.com\/index.php?rest_route=\/wp\/v2\/posts\/10178\/revisions"}],"wp:featuredmedia":[{"embeddable":true,"href":"https:\/\/noticiasveraces.com\/index.php?rest_route=\/wp\/v2\/media\/10179"}],"wp:attachment":[{"href":"https:\/\/noticiasveraces.com\/index.php?rest_route=%2Fwp%2Fv2%2Fmedia&parent=10178"}],"wp:term":[{"taxonomy":"category","embeddable":true,"href":"https:\/\/noticiasveraces.com\/index.php?rest_route=%2Fwp%2Fv2%2Fcategories&post=10178"},{"taxonomy":"post_tag","embeddable":true,"href":"https:\/\/noticiasveraces.com\/index.php?rest_route=%2Fwp%2Fv2%2Ftags&post=10178"}],"curies":[{"name":"wp","href":"https:\/\/api.w.org\/{rel}","templated":true}]}}