{"id":10161,"date":"2025-01-12T17:41:32","date_gmt":"2025-01-12T21:41:32","guid":{"rendered":"https:\/\/noticiasveraces.com\/?p=10161"},"modified":"2025-01-12T17:41:32","modified_gmt":"2025-01-12T21:41:32","slug":"el-asesinato-de-un-alcalde-y-la-disputa-politica-extreman-la-campana-en-ecuador","status":"publish","type":"post","link":"https:\/\/noticiasveraces.com\/?p=10161","title":{"rendered":"El asesinato de un alcalde y la disputa pol\u00edtica extreman la campa\u00f1a en Ecuador"},"content":{"rendered":"<p> \n<br \/><img decoding=\"async\" src=\"https:\/\/s.france24.com\/media\/display\/dd8a33f4-d12a-11ef-96fb-005056a90284\/w:1024\/p:16x9\/32d655c87134d1977d7a83145848b6cc2898da79w.jpg\" \/><br \/>En medio de la pol\u00e9mica por la pugna por el poder, el presidente de Ecuador, Daniel Noboa, regres\u00f3 anticipadamente este domingo 12 de enero a su cargo tras tres d\u00edas de una pol\u00e9mica \u00abausencia temporal\u00bb por su participaci\u00f3n en la campa\u00f1a electoral de cara a las elecciones del 9 de febrero, debido al asesinato de un alcalde.<br \/>\n<br \/>\n","protected":false},"excerpt":{"rendered":"<p>En medio de la pol\u00e9mica por la pugna por el poder, el presidente de Ecuador, Daniel Noboa, regres\u00f3 anticipadamente este domingo 12 de enero a su cargo tras tres d\u00edas de una pol\u00e9mica \u00abausencia temporal\u00bb por su participaci\u00f3n en la campa\u00f1a electoral de cara a las elecciones del 9 de febrero, debido al asesinato de &hellip;<\/p>\n","protected":false},"author":1,"featured_media":10163,"comment_status":"open","ping_status":"open","sticky":false,"template":"","format":"standard","meta":{"fifu_image_url":"https:\/\/s.france24.com\/media\/display\/dd8a33f4-d12a-11ef-96fb-005056a90284\/w:1024\/p:16x9\/32d655c87134d1977d7a83145848b6cc2898da79w.jpg","fifu_image_alt":"","footnotes":""},"categories":[13],"tags":[],"class_list":["post-10161","post","type-post","status-publish","format-standard","has-post-thumbnail","","category-mundo"],"_links":{"self":[{"href":"https:\/\/noticiasveraces.com\/index.php?rest_route=\/wp\/v2\/posts\/10161","targetHints":{"allow":["GET"]}}],"collection":[{"href":"https:\/\/noticiasveraces.com\/index.php?rest_route=\/wp\/v2\/posts"}],"about":[{"href":"https:\/\/noticiasveraces.com\/index.php?rest_route=\/wp\/v2\/types\/post"}],"author":[{"embeddable":true,"href":"https:\/\/noticiasveraces.com\/index.php?rest_route=\/wp\/v2\/users\/1"}],"replies":[{"embeddable":true,"href":"https:\/\/noticiasveraces.com\/index.php?rest_route=%2Fwp%2Fv2%2Fcomments&post=10161"}],"version-history":[{"count":0,"href":"https:\/\/noticiasveraces.com\/index.php?rest_route=\/wp\/v2\/posts\/10161\/revisions"}],"wp:featuredmedia":[{"embeddable":true,"href":"https:\/\/noticiasveraces.com\/index.php?rest_route=\/wp\/v2\/media\/10163"}],"wp:attachment":[{"href":"https:\/\/noticiasveraces.com\/index.php?rest_route=%2Fwp%2Fv2%2Fmedia&parent=10161"}],"wp:term":[{"taxonomy":"category","embeddable":true,"href":"https:\/\/noticiasveraces.com\/index.php?rest_route=%2Fwp%2Fv2%2Fcategories&post=10161"},{"taxonomy":"post_tag","embeddable":true,"href":"https:\/\/noticiasveraces.com\/index.php?rest_route=%2Fwp%2Fv2%2Ftags&post=10161"}],"curies":[{"name":"wp","href":"https:\/\/api.w.org\/{rel}","templated":true}]}}