{"id":10154,"date":"2025-01-12T16:10:18","date_gmt":"2025-01-12T20:10:18","guid":{"rendered":"https:\/\/noticiasveraces.com\/?p=10154"},"modified":"2025-01-12T16:10:18","modified_gmt":"2025-01-12T20:10:18","slug":"lo-que-mark-zuckerberg-esta-cambiando-meta-para-la-era-trump","status":"publish","type":"post","link":"https:\/\/noticiasveraces.com\/?p=10154","title":{"rendered":"Lo que Mark Zuckerberg est\u00e1 cambiando Meta para la era Trump"},"content":{"rendered":"<p> \n<\/p>\n<div>\n<div class=\"duet--article--article-body-component\">\n<p class=\"duet--article--dangerously-set-cms-markup duet--article--standard-paragraph mb-20 font-fkroman text-18 leading-160 -tracking-1 selection:bg-franklin-20 dark:text-white dark:selection:bg-blurple [&amp;_a:hover]:shadow-highlight-franklin dark:[&amp;_a:hover]:shadow-highlight-blurple [&amp;_a]:shadow-underline-black dark:[&amp;_a]:shadow-underline-white\">En este punto, est\u00e1 bastante claro qu\u00e9 <strong>Donald Trump<\/strong> quiere de <strong>Mark Zuckerberg<\/strong>. Pero \u00bfqu\u00e9 quiere Zuckerberg, que ha ido a Mar-a-Lago dos veces desde las elecciones de noviembre, del presidente electo?<\/p>\n<\/div>\n<div class=\"duet--article--article-body-component\">\n<p class=\"duet--article--dangerously-set-cms-markup duet--article--standard-paragraph mb-20 font-fkroman text-18 leading-160 -tracking-1 selection:bg-franklin-20 dark:text-white dark:selection:bg-blurple [&amp;_a:hover]:shadow-highlight-franklin dark:[&amp;_a:hover]:shadow-highlight-blurple [&amp;_a]:shadow-underline-black dark:[&amp;_a]:shadow-underline-white\">Esa es la pregunta que le he estado haciendo a fuentes en Meta y sus alrededores durante los \u00faltimos d\u00edas. Todos describieron la relaci\u00f3n de Meta con la administraci\u00f3n saliente de Biden como incre\u00edblemente hostil. Es seguro asumir que Zuckerberg quiere un reinicio del r\u00e9gimen MAGA, especialmente porque Trump amenaz\u00f3 no hace mucho con encarcelarlo de por vida. <\/p>\n<\/div>\n<div class=\"duet--article--article-body-component\">\n<p class=\"duet--article--dangerously-set-cms-markup duet--article--standard-paragraph mb-20 font-fkroman text-18 leading-160 -tracking-1 selection:bg-franklin-20 dark:text-white dark:selection:bg-blurple [&amp;_a:hover]:shadow-highlight-franklin dark:[&amp;_a:hover]:shadow-highlight-blurple [&amp;_a]:shadow-underline-black dark:[&amp;_a]:shadow-underline-white\">En los Estados Unidos de Trump, retirar los tampones de los ba\u00f1os de hombres en los campus de Meta (algo real que acaba de suceder) es tanto una decisi\u00f3n empresarial como pol\u00edtica. Destruir la ideolog\u00eda \u00abdespertada\u00bb es un pilar clave del mandato declarado de Trump. Otros que saben que necesitan jugar, como Amazon, tambi\u00e9n est\u00e1n empezando a alinearse. Aun as\u00ed, Zuckerberg est\u00e1 transformando Meta para esta nueva realidad pol\u00edtica a una velocidad inusual para una empresa de su tama\u00f1o e influencia. Modo fundador.<\/p>\n<\/div>\n<div class=\"duet--article--article-body-component\">\n<p class=\"duet--article--dangerously-set-cms-markup duet--article--standard-paragraph mb-20 font-fkroman text-18 leading-160 -tracking-1 selection:bg-franklin-20 dark:text-white dark:selection:bg-blurple [&amp;_a:hover]:shadow-highlight-franklin dark:[&amp;_a:hover]:shadow-highlight-blurple [&amp;_a]:shadow-underline-black dark:[&amp;_a]:shadow-underline-white\">En su conversaci\u00f3n con <strong>Joe Rogan<\/strong> y su v\u00eddeo en Instagram, Zuckerberg comparte una larga lista de cuestiones en las que Trump podr\u00eda ayudarle: luchar contra otros pa\u00edses que est\u00e1n intensificando la vigilancia de sus plataformas, impedir que Apple dicte c\u00f3mo construye aplicaciones m\u00f3viles y gafas inteligentes (estas \u00faltimas son cada vez m\u00e1s importante para el futuro de Meta) y, quiz\u00e1s lo m\u00e1s importante, evitar que la regulaci\u00f3n nacional de IA ralentice sus esfuerzos para aplastar a OpenAI. <strong>Elon Musk<\/strong> ha comprado la oreja de Trump. Pero cuanto m\u00e1s tiempo pasa Zuckerberg en Mar-a-Lago, m\u00e1s <strong>Sam Altman<\/strong> y <strong>Tim Cook <\/strong>deber\u00eda estar preocupado.<\/p>\n<\/div>\n<div class=\"duet--article--article-body-component\">\n<p class=\"duet--article--dangerously-set-cms-markup duet--article--standard-paragraph mb-20 font-fkroman text-18 leading-160 -tracking-1 selection:bg-franklin-20 dark:text-white dark:selection:bg-blurple [&amp;_a:hover]:shadow-highlight-franklin dark:[&amp;_a:hover]:shadow-highlight-blurple [&amp;_a]:shadow-underline-black dark:[&amp;_a]:shadow-underline-white\">Luego est\u00e1 el caso del gobierno de EE.UU. para desmantelar Meta, que ir\u00e1 a juicio en unos meses. Despu\u00e9s de la confusi\u00f3n de los \u00faltimos cuatro a\u00f1os, es f\u00e1cil olvidar que esta demanda fue presentada al final del primer mandato de Trump por un presidente republicano de la FTC, no <strong>Lina Khan<\/strong>\u2026<\/p>\n<\/div>\n<div class=\"duet--article--article-body-component\">\n<p class=\"duet--article--dangerously-set-cms-markup duet--article--standard-paragraph mb-20 font-fkroman text-18 leading-160 -tracking-1 selection:bg-franklin-20 dark:text-white dark:selection:bg-blurple [&amp;_a:hover]:shadow-highlight-franklin dark:[&amp;_a:hover]:shadow-highlight-blurple [&amp;_a]:shadow-underline-black dark:[&amp;_a]:shadow-underline-white\">La mayor\u00eda de las reacciones de los titulares de la semana pasada se centraron en la decisi\u00f3n de Zuckerberg de poner fin al programa de verificaci\u00f3n de datos de terceros de Meta. Fue un chivo expiatorio conveniente para los ejecutivos de la empresa que, francamente, nunca estuvo a la altura del objetivo de aportar m\u00e1s neutralidad a Facebook e Instagram. La alternativa de Community Notes que Meta est\u00e1 copiando de X no estaba en la hoja de ruta del producto antes de esta semana, por lo que probablemente pasar\u00e1 un tiempo antes de que todos la vean en la naturaleza. <\/p>\n<\/div>\n<div class=\"duet--article--article-body-component\">\n<p class=\"duet--article--dangerously-set-cms-markup duet--article--standard-paragraph mb-20 font-fkroman text-18 leading-160 -tracking-1 selection:bg-franklin-20 dark:text-white dark:selection:bg-blurple [&amp;_a:hover]:shadow-highlight-franklin dark:[&amp;_a:hover]:shadow-highlight-blurple [&amp;_a]:shadow-underline-black dark:[&amp;_a]:shadow-underline-white\">El anuncio de que los moderadores estadounidenses ser\u00edan trasladados de California a Texas es quiz\u00e1s el m\u00e1s c\u00ednico de todos; hable con cualquiera que sepa y le dir\u00e1n que la gran mayor\u00eda de los moderadores ya tienen su sede en Austin.<\/p>\n<\/div>\n<div class=\"duet--article--article-body-component clear-both block md:float-left md:mr-30 md:w-[320px] lg:-ml-100\">\n<div class=\"duet--article--sidebar bg-gray-200 mb-20 w-full rounded-sm bg-[#F8F5FF] p-20 [&amp;&gt;*:last-child&gt;*:last-child]:mb-0\">\n<div class=\"[&amp;_p]:font-polysans [&amp;_p]:text-16 [&amp;_p]:font-light [&amp;_p]:leading-130\">\n<p class=\"duet--article--dangerously-set-cms-markup duet--article--standard-paragraph mb-20 font-fkroman text-18 leading-160 -tracking-1 selection:bg-franklin-20 dark:text-white dark:selection:bg-blurple [&amp;_a:hover]:shadow-highlight-franklin dark:[&amp;_a:hover]:shadow-highlight-blurple [&amp;_a]:shadow-underline-black dark:[&amp;_a]:shadow-underline-white\"><strong>\u00bfTrabajas en Meta?<\/strong> Me encantar\u00eda charlar. Puedes comunicarte conmigo de forma segura en Signal y te mantendr\u00e9 en el anonimato.<\/p>\n<\/div>\n<\/div>\n<\/div>\n<div class=\"duet--article--article-body-component\">\n<p class=\"duet--article--dangerously-set-cms-markup duet--article--standard-paragraph mb-20 font-fkroman text-18 leading-160 -tracking-1 selection:bg-franklin-20 dark:text-white dark:selection:bg-blurple [&amp;_a:hover]:shadow-highlight-franklin dark:[&amp;_a:hover]:shadow-highlight-blurple [&amp;_a]:shadow-underline-black dark:[&amp;_a]:shadow-underline-white\">El discurso de odio que ahora se permite en Meta&#8217;s es sorprendente y merecer\u00e1 un mayor escrutinio en las pr\u00f3ximas semanas. La decisi\u00f3n de empezar a recomendar contenido pol\u00edtico nuevamente es un giro de 180 grados para Zuckerberg. Pero los expertos creen que el cambio m\u00e1s impactante para los usuarios de las aplicaciones de Meta ser\u00e1 la suavizaci\u00f3n de sus sistemas que eliminan contenido por posibles violaciones de pol\u00edticas. <\/p>\n<\/div>\n<div class=\"duet--article--article-body-component\">\n<p class=\"duet--article--dangerously-set-cms-markup duet--article--standard-paragraph mb-20 font-fkroman text-18 leading-160 -tracking-1 selection:bg-franklin-20 dark:text-white dark:selection:bg-blurple [&amp;_a:hover]:shadow-highlight-franklin dark:[&amp;_a:hover]:shadow-highlight-blurple [&amp;_a]:shadow-underline-black dark:[&amp;_a]:shadow-underline-white\">De todos los anuncios que Meta hizo la semana pasada, este es el que creo que est\u00e1 menos relacionado con Trump. Los meta ejecutivos han estado se\u00f1alando durante un tiempo que saben que est\u00e1n eliminando por error demasiado contenido que en realidad no infringe las reglas; Me han dicho que es uno de, si no <em>el<\/em>mayor queja en las encuestas de usuarios. Si se hace correctamente, corregir los errores de moderaci\u00f3n puede ser lo \u00fanico que anunci\u00f3 Zuckerberg que haga felices a todos.<\/p>\n<\/div>\n<p><h3 class=\"duet--article--dangerously-set-cms-markup duet--article--standard-heading mb-20 mt-40 font-polysans text-26 font-medium leading-110 selection:bg-franklin-20 dark:text-white dark:selection:bg-blurple md:text-30 [&amp;&gt;a:hover]:shadow-highlight-franklin dark:[&amp;&gt;a:hover]:shadow-highlight-franklin [&amp;&gt;a]:shadow-underline-black dark:[&amp;&gt;a]:shadow-underline-white\">En otra parte<\/h3>\n<\/p>\n<div class=\"duet--article--article-body-component\">\n<ul class=\"duet--article--unordered-list my-20 list-disc pl-18 marker:text-blurple\/100 selection:bg-franklin-20 dark:text-white dark:selection:bg-blurple [&amp;_a:hover]:shadow-highlight-franklin dark:[&amp;_a:hover]:shadow-highlight-franklin [&amp;_a]:shadow-underline-black dark:[&amp;_a]:shadow-underline-white\">\n<li class=\"duet--article--dangerously-set-cms-markup mb-16 pl-12 font-fkroman text-18 leading-160 -tracking-1\"><strong>CES est\u00e1 ahora para negociar:<\/strong> Cada a\u00f1o, la feria oficial CES (la amplia sala de exposici\u00f3n y las llamativas conferencias magistrales) se siente m\u00e1s como un ejercicio publicitario y ya no como un lugar para lanzar productos reales. La mayor parte de la energ\u00eda se ha trasladado a salas de reuniones privadas y happy hours en Wynn, Aria y Cosmopolitan, donde los ejecutivos de tecnolog\u00eda charlan con los CMO y cierran acuerdos con socios durante toda la semana. En este CES en la sombra, todos parecen estar de acuerdo en que el espect\u00e1culo est\u00e1 m\u00e1s vivo que nunca. Los stands en la sala de exposiciones se han convertido en herramientas de marketing para mostr\u00e1rselos a los clientes antes de llevarlos a cenar un bistec. El desaf\u00edo para los organizadores de CES ser\u00e1 descubrir c\u00f3mo unir la creciente influencia de esta parte de la feria con su actual modelo de negocios de cobrar a las personas por caminar alrededor de stands llenos de tostadoras inteligentes y autos conceptuales.<\/li>\n<li class=\"duet--article--dangerously-set-cms-markup mb-16 pl-12 font-fkroman text-18 leading-160 -tracking-1\"><strong>Es posible que TikTok sea prohibido:<\/strong> Imagine un mundo alternativo en el que el gobierno chino est\u00e9 a punto de prohibir que Instagram opere en el pa\u00eds y <strong>Mark Zuckerberg<\/strong> est\u00e1 escondido. Esa es la situaci\u00f3n con ByteDance y su fundador <strong>Zhang Yi Ming<\/strong>quien renunci\u00f3 al cargo de director ejecutivo despu\u00e9s del \u00faltimo intento de prohibici\u00f3n en Estados Unidos, pero a\u00fan controla la empresa. Permiti\u00f3 que TikTok fuera prohibido en India y aparentemente no tiene inter\u00e9s en que la aplicaci\u00f3n sobreviva esta vez, entonces, \u00bfpor qu\u00e9 no dejar\u00eda que volviera a suceder lo mismo?<\/li>\n<li class=\"duet--article--dangerously-set-cms-markup mb-16 pl-12 font-fkroman text-18 leading-160 -tracking-1\"><strong>Google y OpenAI adelantan lo que sigue:<\/strong> La unidad DeepMind de Google est\u00e1 iniciando \u00abun ambicioso proyecto para construir modelos generativos que simulen el mundo f\u00edsico\u00bb, que cree \u00abest\u00e1 en el camino cr\u00edtico hacia la inteligencia artificial general\u00bb. Mientras tanto, OpenAI est\u00e1 regresando a sus ra\u00edces iniciales al iniciar un equipo de \u00abrob\u00f3tica de prop\u00f3sito general\u00bb que construir\u00e1 hardware e impulsar\u00e1 \u00abhacia inteligencia de nivel AGI en entornos din\u00e1micos del mundo real\u00bb. Es posible que nos hayamos topado con un muro de escala en los datos de texto, pero los grandes laboratorios ven claramente una oportunidad en el 3D. (Vea tambi\u00e9n lo que Nvidia anunci\u00f3 la semana pasada).<\/li>\n<li class=\"duet--article--dangerously-set-cms-markup mb-16 pl-12 font-fkroman text-18 leading-160 -tracking-1\"><strong>Otros titulares que quiz\u00e1s te hayas perdido: <\/strong>Tencent (un gran inversor en Epic Games, Snap y empresas tecnol\u00f3gicas estadounidenses)<strong> <\/strong>fue incluido en la lista negra del Pent\u00e1gono por estar supuestamente bajo la influencia del ej\u00e9rcito chino. <strong>Tim Cook <\/strong>total<strong> <\/strong>La compensaci\u00f3n aument\u00f3 un 18 por ciento el a\u00f1o pasado a 74,6 millones de d\u00f3lares. <strong>Elon Musk<\/strong> est\u00e1 organizando una fiesta de inauguraci\u00f3n de Trump en DC con Uber y <em>La prensa libre<\/em>. <strong>Sam Altman<\/strong> Su hermana present\u00f3 una demanda por abuso sexual en su contra.<\/li>\n<\/ul>\n<\/div>\n<p><h3 class=\"duet--article--dangerously-set-cms-markup duet--article--standard-heading mb-20 mt-40 font-polysans text-26 font-medium leading-110 selection:bg-franklin-20 dark:text-white dark:selection:bg-blurple md:text-30 [&amp;&gt;a:hover]:shadow-highlight-franklin dark:[&amp;&gt;a:hover]:shadow-highlight-franklin [&amp;&gt;a]:shadow-underline-black dark:[&amp;&gt;a]:shadow-underline-white\">bolsa de trabajo<\/h3>\n<\/p>\n<div class=\"duet--article--article-body-component\">\n<p class=\"duet--article--dangerously-set-cms-markup duet--article--standard-paragraph mb-20 font-fkroman text-18 leading-160 -tracking-1 selection:bg-franklin-20 dark:text-white dark:selection:bg-blurple [&amp;_a:hover]:shadow-highlight-franklin dark:[&amp;_a:hover]:shadow-highlight-blurple [&amp;_a]:shadow-underline-black dark:[&amp;_a]:shadow-underline-white\"><em>Algunos cambios laborales recientes y dignos de menci\u00f3n en el mundo de la tecnolog\u00eda:<\/em><\/p>\n<\/div>\n<div class=\"duet--article--article-body-component\">\n<ul class=\"duet--article--unordered-list my-20 list-disc pl-18 marker:text-blurple\/100 selection:bg-franklin-20 dark:text-white dark:selection:bg-blurple [&amp;_a:hover]:shadow-highlight-franklin dark:[&amp;_a:hover]:shadow-highlight-franklin [&amp;_a]:shadow-underline-black dark:[&amp;_a]:shadow-underline-white\">\n<li class=\"duet--article--dangerously-set-cms-markup mb-16 pl-12 font-fkroman text-18 leading-160 -tracking-1\">Un mont\u00f3n de cambios en Meta: CEO de UFC<strong> Dana Blanco<\/strong>CEO de Exor<strong> John Elkann, <\/strong>y <strong>Charlie Songhurst <\/strong>se uni\u00f3 a la junta.<strong> Joel Kaplan <\/strong>est\u00e1 ejecutando pol\u00edticas y comunicaciones ahora. Despu\u00e9s de una temporada en Google, me dijeron <strong>Michael Levinson<\/strong> regresa como vicepresidente de producto de Integrity org. (\u00a1Buena suerte!) Jefe de derechos civiles, <strong>Roy Austin<\/strong>se va. Y el exjefe de la DEI <strong>Maxine Williams<\/strong> ahora es jefe de \u201caccesibilidad y participaci\u00f3n\u201d.<\/li>\n<li class=\"duet--article--dangerously-set-cms-markup mb-16 pl-12 font-fkroman text-18 leading-160 -tracking-1\"><strong>Elon Musk<\/strong> X nombr\u00f3 a un par de nuevos l\u00edderes: <strong>Romina Khananisho<\/strong> es el nuevo jefe de asuntos gubernamentales y <strong>John Nitti<\/strong> es jefe de \u201cinnovaci\u00f3n publicitaria\u201d.<\/li>\n<li class=\"duet--article--dangerously-set-cms-markup mb-16 pl-12 font-fkroman text-18 leading-160 -tracking-1\"><strong>Calista Redmo<\/strong>n se uni\u00f3 a Nvidia como vicepresidenta de \u00abiniciativas globales de IA\u00bb, donde \u00abimpulsar\u00e1 la adopci\u00f3n de la plataforma NVIDIA para iniciativas de IA nacionales y regionales\u00bb.<\/li>\n<li class=\"duet--article--dangerously-set-cms-markup mb-16 pl-12 font-fkroman text-18 leading-160 -tracking-1\"><strong>Sof\u00eda Dom\u00ednguez<\/strong>director de plataforma AR de Snap, se marcha.<\/li>\n<\/ul>\n<\/div>\n<p><h3 class=\"duet--article--dangerously-set-cms-markup duet--article--standard-heading mb-20 mt-40 font-polysans text-26 font-medium leading-110 selection:bg-franklin-20 dark:text-white dark:selection:bg-blurple md:text-30 [&amp;&gt;a:hover]:shadow-highlight-franklin dark:[&amp;&gt;a:hover]:shadow-highlight-franklin [&amp;&gt;a]:shadow-underline-black dark:[&amp;&gt;a]:shadow-underline-white\">M\u00e1s enlaces<\/h3>\n<\/p>\n<div class=\"duet--article--article-body-component\">\n<p class=\"duet--article--dangerously-set-cms-markup duet--article--standard-paragraph mb-20 font-fkroman text-18 leading-160 -tracking-1 selection:bg-franklin-20 dark:text-white dark:selection:bg-blurple [&amp;_a:hover]:shadow-highlight-franklin dark:[&amp;_a:hover]:shadow-highlight-blurple [&amp;_a]:shadow-underline-black dark:[&amp;_a]:shadow-underline-white\">Si a\u00fan no lo has hecho, no olvides suscribirte a <em>El borde<\/em>que incluye acceso ilimitado a <em>L\u00ednea de comando<\/em>todos nuestros informes y una experiencia publicitaria mejorada en la web.<\/p>\n<\/div>\n<div class=\"duet--article--article-body-component\">\n<p class=\"duet--article--dangerously-set-cms-markup duet--article--standard-paragraph mb-20 font-fkroman text-18 leading-160 -tracking-1 selection:bg-franklin-20 dark:text-white dark:selection:bg-blurple [&amp;_a:hover]:shadow-highlight-franklin dark:[&amp;_a:hover]:shadow-highlight-blurple [&amp;_a]:shadow-underline-black dark:[&amp;_a]:shadow-underline-white\">Como siempre, quiero saber de ti, especialmente si trabajas en Meta. Responda aqu\u00ed y me comunicar\u00e9 con usted o env\u00edeme un ping de forma segura en Signal.<\/p>\n<\/div>\n<\/div>\n\n","protected":false},"excerpt":{"rendered":"<p>En este punto, est\u00e1 bastante claro qu\u00e9 Donald Trump quiere de Mark Zuckerberg. Pero \u00bfqu\u00e9 quiere Zuckerberg, que ha ido a Mar-a-Lago dos veces desde las elecciones de noviembre, del presidente electo? Esa es la pregunta que le he estado haciendo a fuentes en Meta y sus alrededores durante los \u00faltimos d\u00edas. Todos describieron la &hellip;<\/p>\n","protected":false},"author":1,"featured_media":10155,"comment_status":"open","ping_status":"open","sticky":false,"template":"","format":"standard","meta":{"fifu_image_url":"https:\/\/cdn.vox-cdn.com\/thumbor\/yAmJCNLAwAtKz3NFKb0jZaMo0NQ=\/0x0:2040x1360\/1200x628\/filters:focal(1020x680:1021x681)\/cdn.vox-cdn.com\/uploads\/chorus_asset\/file\/25822588\/STK169_ZUCKERBERG_MAGA_STKS491_CVIRGINIA_B.jpg","fifu_image_alt":"","footnotes":""},"categories":[2],"tags":[],"class_list":["post-10154","post","type-post","status-publish","format-standard","has-post-thumbnail","","category-tecnologia"],"_links":{"self":[{"href":"https:\/\/noticiasveraces.com\/index.php?rest_route=\/wp\/v2\/posts\/10154","targetHints":{"allow":["GET"]}}],"collection":[{"href":"https:\/\/noticiasveraces.com\/index.php?rest_route=\/wp\/v2\/posts"}],"about":[{"href":"https:\/\/noticiasveraces.com\/index.php?rest_route=\/wp\/v2\/types\/post"}],"author":[{"embeddable":true,"href":"https:\/\/noticiasveraces.com\/index.php?rest_route=\/wp\/v2\/users\/1"}],"replies":[{"embeddable":true,"href":"https:\/\/noticiasveraces.com\/index.php?rest_route=%2Fwp%2Fv2%2Fcomments&post=10154"}],"version-history":[{"count":0,"href":"https:\/\/noticiasveraces.com\/index.php?rest_route=\/wp\/v2\/posts\/10154\/revisions"}],"wp:featuredmedia":[{"embeddable":true,"href":"https:\/\/noticiasveraces.com\/index.php?rest_route=\/wp\/v2\/media\/10155"}],"wp:attachment":[{"href":"https:\/\/noticiasveraces.com\/index.php?rest_route=%2Fwp%2Fv2%2Fmedia&parent=10154"}],"wp:term":[{"taxonomy":"category","embeddable":true,"href":"https:\/\/noticiasveraces.com\/index.php?rest_route=%2Fwp%2Fv2%2Fcategories&post=10154"},{"taxonomy":"post_tag","embeddable":true,"href":"https:\/\/noticiasveraces.com\/index.php?rest_route=%2Fwp%2Fv2%2Ftags&post=10154"}],"curies":[{"name":"wp","href":"https:\/\/api.w.org\/{rel}","templated":true}]}}