{"id":10135,"date":"2025-01-12T13:36:05","date_gmt":"2025-01-12T17:36:05","guid":{"rendered":"https:\/\/noticiasveraces.com\/?p=10135"},"modified":"2025-01-12T13:36:05","modified_gmt":"2025-01-12T17:36:05","slug":"ucrania-ha-capturado-a-2-soldados-norcoreanos-el-servicio-de-inteligencia-de-corea-del-sur","status":"publish","type":"post","link":"https:\/\/noticiasveraces.com\/?p=10135","title":{"rendered":"Ucrania ha capturado a 2 soldados norcoreanos: el servicio de inteligencia de Corea del Sur"},"content":{"rendered":"<p> \n<\/p>\n<div>\n<p class=\"speakable\">Ucrania captur\u00f3 a dos soldados norcoreanos heridos que luchaban en nombre de Rusia en una regi\u00f3n fronteriza rusa, dijo el servicio de inteligencia de Corea del Sur, confirmando un relato del presidente ucraniano Volodymyr Zelenskyy el s\u00e1bado.<\/p>\n<p class=\"speakable\">El Servicio Nacional de Inteligencia (NIS) de Se\u00fal dijo a la AFP que \u00abconfirm\u00f3 que el ej\u00e9rcito ucraniano captur\u00f3 a dos soldados norcoreanos el 9 de enero en el campo de batalla de Kursk, en Rusia\u00bb.<\/p>\n<p>La confirmaci\u00f3n se produce despu\u00e9s de que Zelenskyy dijera en una publicaci\u00f3n en la aplicaci\u00f3n de mensajer\u00eda Telegram que los dos soldados norcoreanos capturados fueron heridos y llevados a Kiev, donde se est\u00e1n comunicando con los servicios de seguridad ucranianos SBU.<\/p>\n<p>El SBU public\u00f3 un video que parece mostrar a los dos prisioneros en camas dentro de las celdas de la c\u00e1rcel. La autenticidad del v\u00eddeo no se pudo verificar de forma independiente.<\/p>\n<p><strong>EL ENVIADO ESPECIAL DESIGNADO POR TRUMP PARA UCRANIA Y RUSIA ESTABLECE UN CALENDARIO M\u00c1S LARGO QUE &#8217;24 HORAS&#8217; PARA TERMINAR LA GUERRA<\/strong><\/p>\n<div class=\"image-ct inline\">\n<div class=\"m\"><picture><source media=\"(max-width: 767px)\" srcset=\"https:\/\/a57.foxnews.com\/static.foxnews.com\/foxnews.com\/content\/uploads\/2025\/01\/343\/192\/noko-prisoner-in-ukraine-2.jpg?ve=1&amp;tl=1, https:\/\/a57.foxnews.com\/static.foxnews.com\/foxnews.com\/content\/uploads\/2025\/01\/686\/384\/noko-prisoner-in-ukraine-2.jpg?ve=1&amp;tl=1 2x\" height=\"192\" width=\"343\"><source media=\"(min-width: 768px) and (max-width: 1023px)\" srcset=\"https:\/\/a57.foxnews.com\/static.foxnews.com\/foxnews.com\/content\/uploads\/2025\/01\/672\/378\/noko-prisoner-in-ukraine-2.jpg?ve=1&amp;tl=1, https:\/\/a57.foxnews.com\/static.foxnews.com\/foxnews.com\/content\/uploads\/2025\/01\/1344\/756\/noko-prisoner-in-ukraine-2.jpg?ve=1&amp;tl=1 2x\" height=\"378\" width=\"672\"><source media=\"(min-width: 1024px) and (max-width: 1279px)\" srcset=\"https:\/\/a57.foxnews.com\/static.foxnews.com\/foxnews.com\/content\/uploads\/2025\/01\/931\/523\/noko-prisoner-in-ukraine-2.jpg?ve=1&amp;tl=1, https:\/\/a57.foxnews.com\/static.foxnews.com\/foxnews.com\/content\/uploads\/2025\/01\/1862\/1046\/noko-prisoner-in-ukraine-2.jpg?ve=1&amp;tl=1 2x\" height=\"523\" width=\"931\"><source media=\"(min-width: 1280px)\" srcset=\"https:\/\/a57.foxnews.com\/static.foxnews.com\/foxnews.com\/content\/uploads\/2025\/01\/720\/405\/noko-prisoner-in-ukraine-2.jpg?ve=1&amp;tl=1, https:\/\/a57.foxnews.com\/static.foxnews.com\/foxnews.com\/content\/uploads\/2025\/01\/1440\/810\/noko-prisoner-in-ukraine-2.jpg?ve=1&amp;tl=1 2x\" height=\"405\" width=\"720\"><img loading=\"lazy\" decoding=\"async\" src=\"https:\/\/a57.foxnews.com\/static.foxnews.com\/foxnews.com\/content\/uploads\/2025\/01\/1200\/675\/noko-prisoner-in-ukraine-2.jpg?ve=1&amp;tl=1\" alt=\"Soldado norcoreano sentado en la cama\" width=\"1200\" height=\"675\"\/><\/source><\/source><\/source><\/source><\/picture><\/div>\n<div class=\"info\">\n<div class=\"caption\">\n<p><span>En esta foto no verificada compartida por el ej\u00e9rcito ucraniano, un soldado norcoreano aparentemente capturado y herido est\u00e1 sentado en una cama dentro de una celda.<\/span> <span>(Folleto militar de Ucrania)<\/span><\/p>\n<\/div>\n<\/div>\n<\/div>\n<p>Un m\u00e9dico entrevistado en el v\u00eddeo del SBU dijo que un soldado sufri\u00f3 una herida en la cara mientras que el otro ten\u00eda una herida abierta y una fractura en la parte inferior de la pierna. Ambos hombres estaban recibiendo tratamiento m\u00e9dico.<\/p>\n<div class=\"image-ct inline\">\n<div class=\"m\"><picture><source media=\"(max-width: 767px)\" srcset=\"https:\/\/a57.foxnews.com\/static.foxnews.com\/foxnews.com\/content\/uploads\/2025\/01\/343\/192\/noko-prisoner-in-ukraine-1.jpg?ve=1&amp;tl=1, https:\/\/a57.foxnews.com\/static.foxnews.com\/foxnews.com\/content\/uploads\/2025\/01\/686\/384\/noko-prisoner-in-ukraine-1.jpg?ve=1&amp;tl=1 2x\" height=\"192\" width=\"343\"><source media=\"(min-width: 768px) and (max-width: 1023px)\" srcset=\"https:\/\/a57.foxnews.com\/static.foxnews.com\/foxnews.com\/content\/uploads\/2025\/01\/672\/378\/noko-prisoner-in-ukraine-1.jpg?ve=1&amp;tl=1, https:\/\/a57.foxnews.com\/static.foxnews.com\/foxnews.com\/content\/uploads\/2025\/01\/1344\/756\/noko-prisoner-in-ukraine-1.jpg?ve=1&amp;tl=1 2x\" height=\"378\" width=\"672\"><source media=\"(min-width: 1024px) and (max-width: 1279px)\" srcset=\"https:\/\/a57.foxnews.com\/static.foxnews.com\/foxnews.com\/content\/uploads\/2025\/01\/931\/523\/noko-prisoner-in-ukraine-1.jpg?ve=1&amp;tl=1, https:\/\/a57.foxnews.com\/static.foxnews.com\/foxnews.com\/content\/uploads\/2025\/01\/1862\/1046\/noko-prisoner-in-ukraine-1.jpg?ve=1&amp;tl=1 2x\" height=\"523\" width=\"931\"><source media=\"(min-width: 1280px)\" srcset=\"https:\/\/a57.foxnews.com\/static.foxnews.com\/foxnews.com\/content\/uploads\/2025\/01\/720\/405\/noko-prisoner-in-ukraine-1.jpg?ve=1&amp;tl=1, https:\/\/a57.foxnews.com\/static.foxnews.com\/foxnews.com\/content\/uploads\/2025\/01\/1440\/810\/noko-prisoner-in-ukraine-1.jpg?ve=1&amp;tl=1 2x\" height=\"405\" width=\"720\"><img loading=\"lazy\" decoding=\"async\" src=\"https:\/\/a57.foxnews.com\/static.foxnews.com\/foxnews.com\/content\/uploads\/2025\/01\/1200\/675\/noko-prisoner-in-ukraine-1.jpg?ve=1&amp;tl=1\" alt=\"Soldado norcoreano acostado en la cama\" width=\"1200\" height=\"675\"\/><\/source><\/source><\/source><\/source><\/picture><\/div>\n<div class=\"info\">\n<div class=\"caption\">\n<p><span>En esta foto no verificada compartida por el ej\u00e9rcito ucraniano, un soldado norcoreano aparentemente capturado y con heridas yace en una cama dentro de una celda.<\/span> <span>(Folleto militar de Ucrania)<\/span><\/p>\n<\/div>\n<\/div>\n<\/div>\n<p>El SBU tambi\u00e9n dijo que uno de los soldados no ten\u00eda ning\u00fan documento, mientras que el otro llevaba una tarjeta de identificaci\u00f3n militar rusa a nombre de un hombre de Tuva, una regi\u00f3n rusa fronteriza con Mongolia.<\/p>\n<p>El ej\u00e9rcito de Ucrania dice que los soldados norcoreanos est\u00e1n vestidos con uniformes militares rusos y llevan identificaciones militares falsas en sus bolsillos, un plan que, seg\u00fan Andrii Yusov, portavoz de la agencia de inteligencia militar de Ucrania, podr\u00eda significar que Mosc\u00fa y \u00absus representantes en la ONU puedan negar los hechos\u00bb. \u00ab<\/p>\n<p>A pesar de las afirmaciones de Ucrania, Estados Unidos y Corea del Sur de que Pyongyang ha enviado entre 10.000 y 12.000 soldados para luchar junto a Rusia en la regi\u00f3n fronteriza de Kursk, Mosc\u00fa nunca ha reconocido p\u00fablicamente a las fuerzas norcoreanas.<\/p>\n<p><strong>TRUMP PREPARA UNA REUNI\u00d3N CON PUTIN, EN COMUNICACI\u00d3N CON XI<\/strong><\/p>\n<p>Si bien los primeros informes sobre su presencia surgieron en octubre, las tropas ucranianas no confirmaron su presencia sobre el terreno hasta diciembre.<\/p>\n<p>El jueves, Zelenskyy estim\u00f3 el n\u00famero de norcoreanos muertos o heridos en 4.000, aunque las estimaciones de Estados Unidos son inferiores, alrededor de 1.200.<\/p>\n<div class=\"image-ct inline\">\n<div class=\"m\"><picture><source media=\"(max-width: 767px)\" srcset=\"https:\/\/a57.foxnews.com\/static.foxnews.com\/foxnews.com\/content\/uploads\/2025\/01\/343\/192\/north-korean-troops.jpg?ve=1&amp;tl=1, https:\/\/a57.foxnews.com\/static.foxnews.com\/foxnews.com\/content\/uploads\/2025\/01\/686\/384\/north-korean-troops.jpg?ve=1&amp;tl=1 2x\" height=\"192\" width=\"343\"><source media=\"(min-width: 768px) and (max-width: 1023px)\" srcset=\"https:\/\/a57.foxnews.com\/static.foxnews.com\/foxnews.com\/content\/uploads\/2025\/01\/672\/378\/north-korean-troops.jpg?ve=1&amp;tl=1, https:\/\/a57.foxnews.com\/static.foxnews.com\/foxnews.com\/content\/uploads\/2025\/01\/1344\/756\/north-korean-troops.jpg?ve=1&amp;tl=1 2x\" height=\"378\" width=\"672\"><source media=\"(min-width: 1024px) and (max-width: 1279px)\" srcset=\"https:\/\/a57.foxnews.com\/static.foxnews.com\/foxnews.com\/content\/uploads\/2025\/01\/931\/523\/north-korean-troops.jpg?ve=1&amp;tl=1, https:\/\/a57.foxnews.com\/static.foxnews.com\/foxnews.com\/content\/uploads\/2025\/01\/1862\/1046\/north-korean-troops.jpg?ve=1&amp;tl=1 2x\" height=\"523\" width=\"931\"><source media=\"(min-width: 1280px)\" srcset=\"https:\/\/a57.foxnews.com\/static.foxnews.com\/foxnews.com\/content\/uploads\/2025\/01\/720\/405\/north-korean-troops.jpg?ve=1&amp;tl=1, https:\/\/a57.foxnews.com\/static.foxnews.com\/foxnews.com\/content\/uploads\/2025\/01\/1440\/810\/north-korean-troops.jpg?ve=1&amp;tl=1 2x\" height=\"405\" width=\"720\"><img loading=\"lazy\" decoding=\"async\" src=\"https:\/\/a57.foxnews.com\/static.foxnews.com\/foxnews.com\/content\/uploads\/2025\/01\/1200\/675\/north-korean-troops.jpg?ve=1&amp;tl=1\" alt=\"soldados norcoreanos\" width=\"1200\" height=\"675\"\/><\/source><\/source><\/source><\/source><\/picture><\/div>\n<div class=\"info\">\n<div class=\"caption\">\n<p><span>Se ven soldados en la plaza Kim Il Sung en Pyongyang, Corea del Norte, el 12 de octubre de 2020. <\/span> <span>(Foto AP\/Jon Chol Jin, archivo)<\/span><\/p>\n<\/div>\n<\/div>\n<\/div>\n<p>A pesar de las p\u00e9rdidas sufridas por Corea del Norte y su inexperiencia inicial en el campo de batalla, los soldados, la inteligencia militar y los expertos ucranianos sugieren que la experiencia de primera mano s\u00f3lo los ayudar\u00e1 a desarrollarse a\u00fan m\u00e1s como fuerza de combate.<\/p>\n<p><strong><u>HAGA CLIC PARA OBTENER LA APLICACI\u00d3N FOX NEWS<\/u><\/strong><\/p>\n<p>\u00abPor primera vez en d\u00e9cadas, el ej\u00e9rcito norcoreano est\u00e1 adquiriendo experiencia militar real\u00bb, afirm\u00f3 Yusov. \u00abEste es un desaf\u00edo global, no s\u00f3lo para Ucrania y Europa, sino para el mundo entero\u00bb.<\/p>\n<p><i>La Prensa Asociada contribuy\u00f3 a este informe.<\/i><\/p>\n<p> <!---->  <\/div>\n\n","protected":false},"excerpt":{"rendered":"<p>Ucrania captur\u00f3 a dos soldados norcoreanos heridos que luchaban en nombre de Rusia en una regi\u00f3n fronteriza rusa, dijo el servicio de inteligencia de Corea del Sur, confirmando un relato del presidente ucraniano Volodymyr Zelenskyy el s\u00e1bado. El Servicio Nacional de Inteligencia (NIS) de Se\u00fal dijo a la AFP que \u00abconfirm\u00f3 que el ej\u00e9rcito ucraniano &hellip;<\/p>\n","protected":false},"author":1,"featured_media":10137,"comment_status":"open","ping_status":"open","sticky":false,"template":"","format":"standard","meta":{"fifu_image_url":"https:\/\/static.foxnews.com\/foxnews.com\/content\/uploads\/2025\/01\/noko-prisoner-in-ukraine-2.jpg","fifu_image_alt":"","footnotes":""},"categories":[13],"tags":[],"class_list":["post-10135","post","type-post","status-publish","format-standard","has-post-thumbnail","","category-mundo"],"_links":{"self":[{"href":"https:\/\/noticiasveraces.com\/index.php?rest_route=\/wp\/v2\/posts\/10135","targetHints":{"allow":["GET"]}}],"collection":[{"href":"https:\/\/noticiasveraces.com\/index.php?rest_route=\/wp\/v2\/posts"}],"about":[{"href":"https:\/\/noticiasveraces.com\/index.php?rest_route=\/wp\/v2\/types\/post"}],"author":[{"embeddable":true,"href":"https:\/\/noticiasveraces.com\/index.php?rest_route=\/wp\/v2\/users\/1"}],"replies":[{"embeddable":true,"href":"https:\/\/noticiasveraces.com\/index.php?rest_route=%2Fwp%2Fv2%2Fcomments&post=10135"}],"version-history":[{"count":0,"href":"https:\/\/noticiasveraces.com\/index.php?rest_route=\/wp\/v2\/posts\/10135\/revisions"}],"wp:featuredmedia":[{"embeddable":true,"href":"https:\/\/noticiasveraces.com\/index.php?rest_route=\/wp\/v2\/media\/10137"}],"wp:attachment":[{"href":"https:\/\/noticiasveraces.com\/index.php?rest_route=%2Fwp%2Fv2%2Fmedia&parent=10135"}],"wp:term":[{"taxonomy":"category","embeddable":true,"href":"https:\/\/noticiasveraces.com\/index.php?rest_route=%2Fwp%2Fv2%2Fcategories&post=10135"},{"taxonomy":"post_tag","embeddable":true,"href":"https:\/\/noticiasveraces.com\/index.php?rest_route=%2Fwp%2Fv2%2Ftags&post=10135"}],"curies":[{"name":"wp","href":"https:\/\/api.w.org\/{rel}","templated":true}]}}