{"id":10112,"date":"2025-01-12T08:38:05","date_gmt":"2025-01-12T12:38:05","guid":{"rendered":"https:\/\/noticiasveraces.com\/?p=10112"},"modified":"2025-01-12T08:38:05","modified_gmt":"2025-01-12T12:38:05","slug":"carlo-buontempo-el-responsable-del-clima-de-copernico-es-probable-que-2024-haya-sido-el-ano-mas-calido-de-los-ultimos-100-000-anos-clima-y-medio-ambiente","status":"publish","type":"post","link":"https:\/\/noticiasveraces.com\/?p=10112","title":{"rendered":"Carlo Buontempo: El responsable del clima de Cop\u00e9rnico: \u201cEs probable que 2024 haya sido el a\u00f1o m\u00e1s c\u00e1lido de los \u00faltimos 100.000 a\u00f1os\u201d | Clima y Medio Ambiente"},"content":{"rendered":"<p> \n<br \/><img decoding=\"async\" src=\"https:\/\/imagenes.elpais.com\/resizer\/v2\/WOQLBDE7TJGTHIJGSYK2KUVTOY.jpg?auth=8df4a7845d43e159526643c51f7800ef85fad30f24988c719a899fcad6d01fee\" \/><\/p>\n<div data-dtm-region=\"articulo_cuerpo\">\n<p class=\"\">La temperatura media anual del planeta es un c\u00e1lculo matem\u00e1tico que se realiza con mediciones por todo el globo a lo largo de un a\u00f1o. Como incide Carlo Buontempo (Roma, 52 a\u00f1os), director del Servicio de Cambio Clim\u00e1tico de Copernicus (C3S) \u2014el programa de observaci\u00f3n de la Tierra de la Uni\u00f3n Europea\u2014, los principales organismos que monitorean el clima del mundo utilizan datos y metodolog\u00edas distintas . Sin embargo, esta semana present\u00f3 su balance para 2024 todos a la vez y los resultados son \u201cmuy, muy\u201d parecidos. \u201cEsto no son opiniones, son hechos\u201d, destaca este climat\u00f3logo italiano, al que le preocupa que la sociedad no est\u00e9 aprovechando la enorme cantidad de informaci\u00f3n cient\u00edfica de la que disponemos hoy en d\u00eda sobre el desajuste del clima del planeta.<\/p>\n<p class=\"\"><b>Pregunta.<\/b> Todos los a\u00f1os de la \u00faltima d\u00e9cada (de 2015 a 2024) est\u00e1n entre los m\u00e1s 10 m\u00e1s c\u00e1lidos registrados en la Tierra. \u00bfSe est\u00e1 intensificando el cambio clim\u00e1tico?<\/p>\n<p class=\"\"><b>Respuesta.<\/b> Esto no se puede decir a partir de los datos que tenemos, porque en el sistema clim\u00e1tico, en las observaciones atmosf\u00e9ricas, puede haber mucha variabilidad. Es a\u00fan demasiado temprano para decir que lo que estamos viviendo es una aceleraci\u00f3n del calentamiento. Pero s\u00ed es cierto que los \u00faltimos a\u00f1os 10 a\u00f1os han sido los m\u00e1s c\u00e1lidos desde que tenemos registros.<\/p>\n<p class=\"\"><b>PAG.<\/b> \u00bfPor qu\u00e9 los climat\u00f3logos de Cop\u00e9rnico afirman que 2024 es el m\u00e1s c\u00e1lido desde que hay registros, desde 1850, si este calentamiento no tiene precedentes en millas de a\u00f1os?<\/p>\n<p class=\"\"><b>r.<\/b> Es probable que 2024 haya sido el a\u00f1o m\u00e1s c\u00e1lido de los \u00faltimos 100.000 a\u00f1os. d\u00e9cimos [que es el a\u00f1o m\u00e1s c\u00e1lido] Desde que hay registros para enfatizar que desde mediados del siglo XIX tenemos suficientes datos meteorol\u00f3gicos en varios lugares del mundo para poder reconstruir el clim\u00e1tico promedio sobre 50 a\u00f1os de manera bastante confiable. Antes de 1850, los registros son m\u00e1s puntuales, los m\u00e1s antiguos son del Reino Unido, de la temperatura media de Inglaterra central, y empiezan a mediados del siglo XVII. De forma anterior, no tenemos observaciones directas, hay que utilizar los anillos de los \u00e1rboles, los dep\u00f3sitos de los lagos, las burbujas de aire de la Ant\u00e1rtida, que son medidas m\u00e1s indirectas de la situaci\u00f3n clim\u00e1tica y tienen una incertidumbre m\u00e1s alta. Aun as\u00ed, en ese periodo el clima era bastante m\u00e1s fr\u00edo, as\u00ed que es muy probable, tambi\u00e9n lo dice el IPCC [el principal panel cient\u00edfico de Naciones Unidas para el estudio del cambio clim\u00e1tico]que estos umbrales actuales de temperatura global no se hayan tocado nunca en los \u00faltimos 100.000 a\u00f1os.<\/p>\n<p class=\"\"><b>PAG.<\/b> Este a\u00f1o se han presentado el mismo d\u00eda los resultados de Copernicus, de la NASA, de la Organizaci\u00f3n Meteorol\u00f3gica Mundial (OMM), de la Oficina Nacional de Administraci\u00f3n Oce\u00e1nica y Atmosf\u00e9rica (NOAA) de EE UU, de la Met Office de Londres\u2026 \u00bf \u00bfQu\u00e9 diferencias hay entre ellos?<\/p>\n<p class=\"\"><b>r.<\/b> Creo que esta es una se\u00f1al de la fortaleza, de la seguridad, de los resultados. Cada uno de estos centros mundiales trabaja con datos distintos, con metodolog\u00edas distintas, con personal distinto, pero los resultados son muy, muy parecidos. Todos los balances concluyen que 2024 fue el a\u00f1o m\u00e1s c\u00e1lido y que los \u00faltimos 10 a\u00f1os fueron los m\u00e1s c\u00e1lidos. Y en la mayor\u00eda de los casos se encuentra que 2024 ha sido el primer a\u00f1o que se alcanza 1,5 grados sobre los niveles preindustriales. Y cuando no sale as\u00ed es por una diferencia de 0,1 grados.<\/p>\n<p class=\"\"><b>PAG.<\/b> El Acuerdo de Par\u00eds busca frenar el calentamiento para que a final de siglo el aumento de la temperatura media del planeta se quede muy por debajo de 2 grados, limit\u00e1ndolo a 1,5. \u00bfQu\u00e9 significa realmente que 2024 sea el primer a\u00f1o que se alcanza el umbral de 1,5?<\/p>\n<p class=\"\"><b>r.<\/b> Creo que 1,5 es un valor psicol\u00f3gico, pues hace a\u00f1os que se habla del l\u00edmite del Acuerdo de Par\u00eds. Pero hay que subrayar que todav\u00eda no hemos sobrepasado este umbral, pues el Acuerdo de Par\u00eds se refiere a un promedio a largo plazo, como m\u00ednimo de 20 a\u00f1os.<\/p>\n<p class=\"\"><b>PAG.<\/b> \u00bfTener que esperar 20 a\u00f1os para poder decir que se ha incumplido no quita mucha fuerza a este objetivo?<\/p>\n<p class=\"\"><b>r.<\/b> Si. En 2023 Richard A. Betts y otros meteor\u00f3logos de la Met Office de Londres [la agencia meteorol\u00f3gica del Reino Unido] publicaron un art\u00edculo en <i>Naturaleza<\/i> en el que plantean que a lo mejor se tendr\u00eda que buscar otra definici\u00f3n de este objetivo que pueda ser m\u00e1s \u00fatil. Se utiliza un promedio de 20 a\u00f1os porque si de pronto hay una gran erupci\u00f3n volc\u00e1nica la temperatura media global bajar\u00eda temporalmente un a\u00f1o o dos. De este modo, se puede validar el calentamiento global de forma clara, sin interferencias como erupciones volc\u00e1nicas o fluctuaciones solares. Ahora bien, si no ocurre una erupci\u00f3n gigante, lo m\u00e1s probable es que se llegue al umbral de 1,5 grados en los t\u00e9rminos del Acuerdo de Par\u00eds en menos de 10 a\u00f1os.<\/p>\n<p class=\"\"><b>PAG.<\/b> \u00bfQu\u00e9 le preocupa m\u00e1s de la crisis clim\u00e1tica?<\/p>\n<p class=\"\"><b>r. <\/b>Que no somos capaces de aprovechar la enorme cantidad de datos e informaci\u00f3n clim\u00e1tica que tenemos sobre lo que est\u00e1 pasando. Creo que como sociedad, hasta ahora, no sabemos utilizarla.<\/p>\n<p class=\"\"><b>PAG. <\/b>\u00bfEn Espa\u00f1a deber\u00edamos estar m\u00e1s preocupados por el riesgo de que aumenten eventos extremos como la catastr\u00f3fica dana de octubre?<\/p>\n<p class=\"\"><b>r. <\/b>Uno de los datos del balance de 2024 es que el a\u00f1o pasado aument\u00f3 mucho la humedad de la atm\u00f3sfera, una consecuencia directa de la subida de la temperatura. Y al aumentar la humedad aumenta la energ\u00eda disponible para eventos extremos como el de Valencia, pero tambi\u00e9n como los sucesos \u00faltimamente en Italia, Eslovenia, Chequia, Grecia\u2026 Hay una se\u00f1al muy clara de la intensificaci\u00f3n de las lluvias.<\/p>\n<p class=\"\"><b>PAG.<\/b> En los \u00faltimos a\u00f1os, se est\u00e1 viendo un incremento de los ataques verbales y acoso en las redes sociales a cient\u00edficos del clima que advierten de las consecuencias del calentamiento. \u00bfLo est\u00e1n notando tambi\u00e9n?<\/p>\n<p class=\"\"><b>r. <\/b>S\u00ed, un poco. A m\u00ed me parece una oportunidad perdida. Molesta que te insulten, pero el mayor problema es que no se est\u00e9 aprovechando las observaciones que tenemos, que no son opiniones sino informaci\u00f3n. Es una l\u00e1stima enorme.<\/p>\n<p class=\"\"><b>PAG.<\/b> Hoy en d\u00eda, la previsi\u00f3n no solo es que se sobrepase el l\u00edmite de 1,5, pero tambi\u00e9n el de 2 grados. \u00bfA qu\u00e9 nos enfrentamos?<\/p>\n<p class=\"\"><b>r. <\/b>Cada d\u00e9cima de grado que se pase de 1,5 grados provocar\u00e1 que los impactos sean m\u00e1s intensos y que las cosas sean m\u00e1s complicadas.<\/p>\n<p class=\"\"><b>PAG. <\/b>Tiene dos hijos adolescentes, \u00bfhabla de esto con ellos?<\/p>\n<p class=\"\"><b>r. <\/b>Todo el tiempo, s\u00ed. Saben perfectamente lo que pasa, est\u00e1n muy concienciados. El mundo en el que vivir\u00e1n nuestros hijos ser\u00e1 muy distinto a aquel en el que nosotros crecimos. Igual que el clima de ahora es muy distinto al que vieron nuestros padres o las generaciones precedentes.<\/p>\n<p class=\"\"><b>PAG.<\/b> \u00bfPiensa realmente que el futuro est\u00e1 en nuestras manos?<\/p>\n<p class=\"\"><b>r. <\/b>Yo creo que s\u00ed. Pero no puedo decir lo que se tiene que hacer. Si nuestro objetivo es limitar el aumento de la temperatura, la manera m\u00e1s eficaz que conseguirlo en estos momentos es limitando las emisiones de gases de efecto invernadero. Eso est\u00e1 claro, pero la decisi\u00f3n es de la sociedad.<\/p>\n<p class=\"\"><b>PAG.<\/b> \u00bfLe inquieta la llegada de Trump a la Casa Blanca y el ascenso de otros dirigentes negacionistas del cambio clim\u00e1tico?<\/p>\n<p class=\"\"><b>r.<\/b> La informaci\u00f3n que tenemos sobre lo que est\u00e1 pasando en el clima tiene un valor econ\u00f3mico. Creo que hay que conseguir que se aproveche ese valor econ\u00f3mico.<\/p>\n<p class=\"\"><b>PAG.<\/b> \u00bfCu\u00e1l es la previsi\u00f3n clim\u00e1tica para este a\u00f1o 2025?<\/p>\n<p class=\"\"><b>r.<\/b> No lo sabemos con certeza, pero lo que se espera es que sea un a\u00f1o casi neutral en el Pac\u00edfico o con una Ni\u00f1a. [el fen\u00f3meno clim\u00e1tico] muy d\u00e9bil, y que no sea tan c\u00e1lido como 2023 o 2024. Pero m\u00e1s all\u00e1 de si 2025 se convierte en el a\u00f1o m\u00e1s c\u00e1lido o no, lo que cuenta es la tendencia general y probablemente el promedio de los pr\u00f3ximos a\u00f1os ser\u00e1 m\u00e1s c\u00e1lido.<\/p>\n<\/div>\n\n","protected":false},"excerpt":{"rendered":"<p>La temperatura media anual del planeta es un c\u00e1lculo matem\u00e1tico que se realiza con mediciones por todo el globo a lo largo de un a\u00f1o. Como incide Carlo Buontempo (Roma, 52 a\u00f1os), director del Servicio de Cambio Clim\u00e1tico de Copernicus (C3S) \u2014el programa de observaci\u00f3n de la Tierra de la Uni\u00f3n Europea\u2014, los principales organismos &hellip;<\/p>\n","protected":false},"author":1,"featured_media":10114,"comment_status":"open","ping_status":"open","sticky":false,"template":"","format":"standard","meta":{"fifu_image_url":"https:\/\/imagenes.elpais.com\/resizer\/v2\/WOQLBDE7TJGTHIJGSYK2KUVTOY.jpg?auth=8df4a7845d43e159526643c51f7800ef85fad30f24988c719a899fcad6d01fee&width=1200","fifu_image_alt":"","footnotes":""},"categories":[11],"tags":[],"class_list":["post-10112","post","type-post","status-publish","format-standard","has-post-thumbnail","","category-viaje"],"_links":{"self":[{"href":"https:\/\/noticiasveraces.com\/index.php?rest_route=\/wp\/v2\/posts\/10112","targetHints":{"allow":["GET"]}}],"collection":[{"href":"https:\/\/noticiasveraces.com\/index.php?rest_route=\/wp\/v2\/posts"}],"about":[{"href":"https:\/\/noticiasveraces.com\/index.php?rest_route=\/wp\/v2\/types\/post"}],"author":[{"embeddable":true,"href":"https:\/\/noticiasveraces.com\/index.php?rest_route=\/wp\/v2\/users\/1"}],"replies":[{"embeddable":true,"href":"https:\/\/noticiasveraces.com\/index.php?rest_route=%2Fwp%2Fv2%2Fcomments&post=10112"}],"version-history":[{"count":0,"href":"https:\/\/noticiasveraces.com\/index.php?rest_route=\/wp\/v2\/posts\/10112\/revisions"}],"wp:featuredmedia":[{"embeddable":true,"href":"https:\/\/noticiasveraces.com\/index.php?rest_route=\/wp\/v2\/media\/10114"}],"wp:attachment":[{"href":"https:\/\/noticiasveraces.com\/index.php?rest_route=%2Fwp%2Fv2%2Fmedia&parent=10112"}],"wp:term":[{"taxonomy":"category","embeddable":true,"href":"https:\/\/noticiasveraces.com\/index.php?rest_route=%2Fwp%2Fv2%2Fcategories&post=10112"},{"taxonomy":"post_tag","embeddable":true,"href":"https:\/\/noticiasveraces.com\/index.php?rest_route=%2Fwp%2Fv2%2Ftags&post=10112"}],"curies":[{"name":"wp","href":"https:\/\/api.w.org\/{rel}","templated":true}]}}