{"id":10093,"date":"2025-01-12T05:23:31","date_gmt":"2025-01-12T09:23:31","guid":{"rendered":"https:\/\/noticiasveraces.com\/?p=10093"},"modified":"2025-01-12T05:23:31","modified_gmt":"2025-01-12T09:23:31","slug":"el-influyente-lider-de-la-provincia-canadiense-de-ontario-busca-a-trump-en-la-reunion-de-musk-dice-que-estados-unidos-nos-necesita-como-nosotros-los-necesitamos-a-ellos","status":"publish","type":"post","link":"https:\/\/noticiasveraces.com\/?p=10093","title":{"rendered":"El influyente l\u00edder de la provincia canadiense de Ontario busca a Trump, en la reuni\u00f3n de Musk dice que Estados Unidos \u00abnos necesita como nosotros los necesitamos a ellos\u00bb"},"content":{"rendered":"<p> \n<\/p>\n<div>\n<div class=\"article-gating gated-overlay\">\n<div class=\"article-gating-wrapper\">\n<p>\u00danase a Fox News para acceder a este contenido<\/p>\n<p>Adem\u00e1s, acceso especial a art\u00edculos seleccionados y otro contenido premium con su cuenta, sin cargo.<\/p>\n<div class=\"article-gating-legal tablet-desktop\">Al ingresar su correo electr\u00f3nico y presionar Continuar, acepta los T\u00e9rminos de uso y la Pol\u00edtica de privacidad de Fox News, que incluye nuestro Aviso de incentivo financiero.\n    <\/div>\n<p><span>Por favor, introduce una direcci\u00f3n de correo electr\u00f3nico v\u00e1lida.<\/span><\/p>\n<footer class=\"article-gating-footer\">\u00bfTienes problemas? Haga clic aqu\u00ed.<\/footer>\n<\/div>\n<\/div>\n<p class=\"speakable\"><strong>OTTAWA-<\/strong>Despu\u00e9s de que el presidente electo Trump reflexionara sobre el uso de la \u00abfuerza econ\u00f3mica\u00bb para convertir a Canad\u00e1 en el estado n\u00famero 51 durante su conferencia de prensa en Mar-a-Lago el martes, el primer ministro canadiense saliente, Justin Trudeau, respondi\u00f3 en las redes sociales que \u00abno existe la posibilidad de una bola de nieve\u00bb. \u00abQu\u00e9 diablos es que Canad\u00e1 se convierta en parte de los Estados Unidos\u00bb.<\/p>\n<p class=\"speakable\">Sin embargo, como Trudeau anunci\u00f3 el lunes su plan de dimitir como primer ministro una vez que el Partido Liberal que \u00e9l lidera elija a su sucesor, el mayor rechazo al discurso de Trump de anexar Canad\u00e1 \u2013y a sus planes de aranceles del 25% sobre las exportaciones del pa\u00eds\u2013 ha venido de el primer ministro de la provincia m\u00e1s poblada de Canad\u00e1, Ontario.<\/p>\n<p>Doug Ford, un ex empresario y conservador como Trump que ha sido el vig\u00e9simo sexto primer ministro de Ontario desde 2018, dijo a Fox News Digital en una entrevista que el hecho de que el presidente electo apunte a Canad\u00e1 es a la vez \u00abloco\u00bb y \u00abrid\u00edculo\u00bb.<\/p>\n<p>Dijo que el enfoque bilateral deber\u00eda estar en \u00abfortalecer\u00bb lo que el gobierno canadiense llama una relaci\u00f3n comercial bidireccional de casi un bill\u00f3n de d\u00f3lares para \u00abhacer de Estados Unidos y Canad\u00e1 la jurisdicci\u00f3n m\u00e1s rica y pr\u00f3spera del mundo\u00bb.<\/p>\n<p><strong>\u00bfQUI\u00c9N ES PIERRE POILI\u00c9VRE? EL L\u00cdDER CONSERVADOR DE CANAD\u00c1 BUSCA CONVERTIRSE EN EL PR\u00d3XIMO PRIMER MINISTRO TRAS LA SALIDA DE TRUDEAU<\/strong><\/p>\n<div class=\"image-ct inline\">\n<div class=\"m\"><picture><source media=\"(max-width: 767px)\" srcset=\"https:\/\/a57.foxnews.com\/static.foxnews.com\/foxnews.com\/content\/uploads\/2025\/01\/343\/192\/gettyimages-1246869518-scaled.jpg?ve=1&amp;tl=1, https:\/\/a57.foxnews.com\/static.foxnews.com\/foxnews.com\/content\/uploads\/2025\/01\/686\/384\/gettyimages-1246869518-scaled.jpg?ve=1&amp;tl=1 2x\" height=\"192\" width=\"343\"><source media=\"(min-width: 768px) and (max-width: 1023px)\" srcset=\"https:\/\/a57.foxnews.com\/static.foxnews.com\/foxnews.com\/content\/uploads\/2025\/01\/672\/378\/gettyimages-1246869518-scaled.jpg?ve=1&amp;tl=1, https:\/\/a57.foxnews.com\/static.foxnews.com\/foxnews.com\/content\/uploads\/2025\/01\/1344\/756\/gettyimages-1246869518-scaled.jpg?ve=1&amp;tl=1 2x\" height=\"378\" width=\"672\"><source media=\"(min-width: 1024px) and (max-width: 1279px)\" srcset=\"https:\/\/a57.foxnews.com\/static.foxnews.com\/foxnews.com\/content\/uploads\/2025\/01\/931\/523\/gettyimages-1246869518-scaled.jpg?ve=1&amp;tl=1, https:\/\/a57.foxnews.com\/static.foxnews.com\/foxnews.com\/content\/uploads\/2025\/01\/1862\/1046\/gettyimages-1246869518-scaled.jpg?ve=1&amp;tl=1 2x\" height=\"523\" width=\"931\"><source media=\"(min-width: 1280px)\" srcset=\"https:\/\/a57.foxnews.com\/static.foxnews.com\/foxnews.com\/content\/uploads\/2025\/01\/720\/405\/gettyimages-1246869518-scaled.jpg?ve=1&amp;tl=1, https:\/\/a57.foxnews.com\/static.foxnews.com\/foxnews.com\/content\/uploads\/2025\/01\/1440\/810\/gettyimages-1246869518-scaled.jpg?ve=1&amp;tl=1 2x\" height=\"405\" width=\"720\"><img loading=\"lazy\" decoding=\"async\" src=\"https:\/\/a57.foxnews.com\/static.foxnews.com\/foxnews.com\/content\/uploads\/2025\/01\/1200\/675\/gettyimages-1246869518-scaled.jpg?ve=1&amp;tl=1\" alt=\"Doug Ford, primer ministro de Ontario,\" width=\"1200\" height=\"675\"\/><\/source><\/source><\/source><\/source><\/picture><\/div>\n<div class=\"info\">\n<div class=\"caption\">\n<p><span>Doug Ford, primer ministro de Ontario, habla con los medios de comunicaci\u00f3n cuando llega a una reuni\u00f3n en Ottawa, Canad\u00e1, el 7 de febrero de 2023.<\/span> <span>(James Park\/Bloomberg v\u00eda Getty Images)<\/span><\/p>\n<\/div>\n<\/div>\n<\/div>\n<p>En una conferencia de prensa en Toronto el lunes tras el anuncio de la renuncia de Trudeau, Ford reprendi\u00f3 a Trump con una \u00abcontraoferta\u00bb a su idea de Canad\u00e1 como estado 51. <\/p>\n<p>\u00ab\u00bfQu\u00e9 tal si compramos Alaska y agregamos Minnesota?\u00bb dijo el primer ministro en Queen&#8217;s Park, la legislatura de Ontario.<\/p>\n<p>Ford le dijo en broma a Fox News Digital que escuch\u00f3 de los canadienses despu\u00e9s de hacer esos comentarios que deber\u00eda haber elegido \u00abun lugar m\u00e1s c\u00e1lido, como Florida o California\u00bb.<\/p>\n<p>\u00abDe todos modos, California nunca vota por \u00e9l\u00bb, a\u00f1adi\u00f3.<\/p>\n<p>En su conferencia de prensa del lunes, el primer ministro de Ontario dijo que \u00abbajo mi supervisi\u00f3n\u00bb la anexi\u00f3n de Canad\u00e1 \u00abnunca, jam\u00e1s suceder\u00e1\u00bb.  <\/p>\n<p>Ford tambi\u00e9n se est\u00e1 tomando en serio la amenaza arancelaria de Trump.<\/p>\n<div class=\"image-ct inline\">\n<div class=\"m\"><picture><source media=\"(max-width: 767px)\" srcset=\"https:\/\/a57.foxnews.com\/static.foxnews.com\/foxnews.com\/content\/uploads\/2024\/12\/343\/192\/trump-trudeau.jpg?ve=1&amp;tl=1, https:\/\/a57.foxnews.com\/static.foxnews.com\/foxnews.com\/content\/uploads\/2024\/12\/686\/384\/trump-trudeau.jpg?ve=1&amp;tl=1 2x\" height=\"192\" width=\"343\"><source media=\"(min-width: 768px) and (max-width: 1023px)\" srcset=\"https:\/\/a57.foxnews.com\/static.foxnews.com\/foxnews.com\/content\/uploads\/2024\/12\/672\/378\/trump-trudeau.jpg?ve=1&amp;tl=1, https:\/\/a57.foxnews.com\/static.foxnews.com\/foxnews.com\/content\/uploads\/2024\/12\/1344\/756\/trump-trudeau.jpg?ve=1&amp;tl=1 2x\" height=\"378\" width=\"672\"><source media=\"(min-width: 1024px) and (max-width: 1279px)\" srcset=\"https:\/\/a57.foxnews.com\/static.foxnews.com\/foxnews.com\/content\/uploads\/2024\/12\/931\/523\/trump-trudeau.jpg?ve=1&amp;tl=1, https:\/\/a57.foxnews.com\/static.foxnews.com\/foxnews.com\/content\/uploads\/2024\/12\/1862\/1046\/trump-trudeau.jpg?ve=1&amp;tl=1 2x\" height=\"523\" width=\"931\"><source media=\"(min-width: 1280px)\" srcset=\"https:\/\/a57.foxnews.com\/static.foxnews.com\/foxnews.com\/content\/uploads\/2024\/12\/720\/405\/trump-trudeau.jpg?ve=1&amp;tl=1, https:\/\/a57.foxnews.com\/static.foxnews.com\/foxnews.com\/content\/uploads\/2024\/12\/1440\/810\/trump-trudeau.jpg?ve=1&amp;tl=1 2x\" height=\"405\" width=\"720\"><img loading=\"lazy\" decoding=\"async\" src=\"https:\/\/a57.foxnews.com\/static.foxnews.com\/foxnews.com\/content\/uploads\/2024\/12\/1200\/675\/trump-trudeau.jpg?ve=1&amp;tl=1\" alt=\"El presidente estadounidense Donald Trump y el primer ministro canadiense Justin Trudeau\" width=\"1200\" height=\"675\"\/><\/source><\/source><\/source><\/source><\/picture><\/div>\n<div class=\"info\">\n<div class=\"caption\">\n<p><span>El presidente electo Trump y el primer ministro canadiense Justin Trudeau conversan antes de una reuni\u00f3n de la OTAN en Watford, Hertfordshire, Inglaterra, el 4 de diciembre de 2019.<\/span> <span>(Foto AP\/Frank Augstein, archivo)<\/span><\/p>\n<\/div>\n<\/div>\n<\/div>\n<p>El mes pasado, su gobierno conservador progresista lanz\u00f3 una campa\u00f1a publicitaria multimillonaria en Estados Unidos en televisi\u00f3n y aplicaciones de streaming promocionando a Ontario como un \u00abaliado\u00bb para generar \u00abm\u00e1s trabajadores, m\u00e1s comercio, m\u00e1s prosperidad, m\u00e1s seguridad\u00bb.<\/p>\n<p>\u00abPuede confiar en Ontario para obtener la energ\u00eda que impulsar\u00e1 su creciente econom\u00eda y los minerales cr\u00edticos cruciales para las nuevas tecnolog\u00edas\u00bb, dice el anuncio de 60 segundos.<\/p>\n<p>Ford dijo que el arancel del 25% contra Canad\u00e1, que Trump planea implementar en su primer d\u00eda en el cargo el 20 de enero, perjudicar\u00eda a millones de trabajadores estadounidenses y canadienses.<\/p>\n<p>\u00abNueve millones de estadounidenses producen productos s\u00f3lo para Ontario cada d\u00eda\u00bb, afirm\u00f3. \u00abEl problema es que China env\u00eda mercanc\u00edas a M\u00e9xico y M\u00e9xico coloca una etiqueta de hecho en M\u00e9xico\u00bb.<\/p>\n<p><strong>LA RENUNCIA DE JUSTIN TRUDEAU SE ENCONTR\u00d3 CON UNA REACCI\u00d3N ALEGRADA DE LOS CONSERVADORES EN L\u00cdNEA: &#8216;\u00a1LA GANANCIA CONTIN\u00daA!&#8217;<\/strong><\/p>\n<div class=\"image-ct inline\">\n<div class=\"m\"><picture><source media=\"(max-width: 767px)\" srcset=\"https:\/\/a57.foxnews.com\/static.foxnews.com\/foxnews.com\/content\/uploads\/2025\/01\/343\/192\/elon-musk-photo-1.jpg?ve=1&amp;tl=1, https:\/\/a57.foxnews.com\/static.foxnews.com\/foxnews.com\/content\/uploads\/2025\/01\/686\/384\/elon-musk-photo-1.jpg?ve=1&amp;tl=1 2x\" height=\"192\" width=\"343\"><source media=\"(min-width: 768px) and (max-width: 1023px)\" srcset=\"https:\/\/a57.foxnews.com\/static.foxnews.com\/foxnews.com\/content\/uploads\/2025\/01\/672\/378\/elon-musk-photo-1.jpg?ve=1&amp;tl=1, https:\/\/a57.foxnews.com\/static.foxnews.com\/foxnews.com\/content\/uploads\/2025\/01\/1344\/756\/elon-musk-photo-1.jpg?ve=1&amp;tl=1 2x\" height=\"378\" width=\"672\"><source media=\"(min-width: 1024px) and (max-width: 1279px)\" srcset=\"https:\/\/a57.foxnews.com\/static.foxnews.com\/foxnews.com\/content\/uploads\/2025\/01\/931\/523\/elon-musk-photo-1.jpg?ve=1&amp;tl=1, https:\/\/a57.foxnews.com\/static.foxnews.com\/foxnews.com\/content\/uploads\/2025\/01\/1862\/1046\/elon-musk-photo-1.jpg?ve=1&amp;tl=1 2x\" height=\"523\" width=\"931\"><source media=\"(min-width: 1280px)\" srcset=\"https:\/\/a57.foxnews.com\/static.foxnews.com\/foxnews.com\/content\/uploads\/2025\/01\/720\/405\/elon-musk-photo-1.jpg?ve=1&amp;tl=1, https:\/\/a57.foxnews.com\/static.foxnews.com\/foxnews.com\/content\/uploads\/2025\/01\/1440\/810\/elon-musk-photo-1.jpg?ve=1&amp;tl=1 2x\" height=\"405\" width=\"720\"><img loading=\"lazy\" decoding=\"async\" src=\"https:\/\/a57.foxnews.com\/static.foxnews.com\/foxnews.com\/content\/uploads\/2025\/01\/1200\/675\/elon-musk-photo-1.jpg?ve=1&amp;tl=1\" alt=\"Elon Musk en el Congreso\" width=\"1200\" height=\"675\"\/><\/source><\/source><\/source><\/source><\/picture><\/div>\n<div class=\"info\">\n<div class=\"caption\">\n<p><span>Elon Musk y Vivek Ramaswamy dirigen el Departamento de Eficiencia Gubernamental.<\/span> <span>(Anna Moneymaker\/Getty Images)<\/span><\/p>\n<\/div>\n<\/div>\n<\/div>\n<p>Ontario est\u00e1 lista para tomar medidas de represalia \u00abque realmente enviar\u00e1n un mensaje a Estados Unidos\u00bb en respuesta a la imposici\u00f3n de aranceles estadounidenses, dijo Ford, quien particip\u00f3 en la renegociaci\u00f3n del Tratado de Libre Comercio de Am\u00e9rica del Norte durante la primera administraci\u00f3n Trump, pero Ahora le gustar\u00eda que Canad\u00e1 tuviera acuerdos separados con Estados Unidos y M\u00e9xico.<\/p>\n<p>\u00abEs desafortunado porque las represalias no son buenas para ninguno de los pa\u00edses\u00bb, afirm\u00f3, se\u00f1alando que Ontario es el principal exportador a 17 estados y el segundo a otros 11 estados. <\/p>\n<p>\u00abLo \u00faltimo que quiero hacer es lastimar a esa gente\u00bb, dijo Ford. \u00abQuiero crear m\u00e1s empleos en Estados Unidos, m\u00e1s empleos en Canad\u00e1. Y podemos lograrlo asegur\u00e1ndonos de endurecer y aplicar aranceles a lugares como China\u00bb.<\/p>\n<p>A modo de ejemplo, dijo que \u00abalguien en Texas que compr\u00f3 una camioneta GM fabricada en Oshawa, [Ontario] \u00abPodr\u00eda haber pagado entre 50.000 y 60.000 d\u00f3lares\u00bb, y con un arancel, \u00abestar\u00eda pagando unos 70.000 d\u00f3lares\u00bb.<\/p>\n<p>\u00abSimplemente no tiene ning\u00fan sentido\u00bb, dijo Ford. <\/p>\n<div class=\"image-ct inline\">\n<div class=\"m\"><picture><source media=\"(max-width: 767px)\" srcset=\"https:\/\/a57.foxnews.com\/static.foxnews.com\/foxnews.com\/content\/uploads\/2025\/01\/343\/192\/gettyimages-1238481523.jpg?ve=1&amp;tl=1, https:\/\/a57.foxnews.com\/static.foxnews.com\/foxnews.com\/content\/uploads\/2025\/01\/686\/384\/gettyimages-1238481523.jpg?ve=1&amp;tl=1 2x\" height=\"192\" width=\"343\"><source media=\"(min-width: 768px) and (max-width: 1023px)\" srcset=\"https:\/\/a57.foxnews.com\/static.foxnews.com\/foxnews.com\/content\/uploads\/2025\/01\/672\/378\/gettyimages-1238481523.jpg?ve=1&amp;tl=1, https:\/\/a57.foxnews.com\/static.foxnews.com\/foxnews.com\/content\/uploads\/2025\/01\/1344\/756\/gettyimages-1238481523.jpg?ve=1&amp;tl=1 2x\" height=\"378\" width=\"672\"><source media=\"(min-width: 1024px) and (max-width: 1279px)\" srcset=\"https:\/\/a57.foxnews.com\/static.foxnews.com\/foxnews.com\/content\/uploads\/2025\/01\/931\/523\/gettyimages-1238481523.jpg?ve=1&amp;tl=1, https:\/\/a57.foxnews.com\/static.foxnews.com\/foxnews.com\/content\/uploads\/2025\/01\/1862\/1046\/gettyimages-1238481523.jpg?ve=1&amp;tl=1 2x\" height=\"523\" width=\"931\"><source media=\"(min-width: 1280px)\" srcset=\"https:\/\/a57.foxnews.com\/static.foxnews.com\/foxnews.com\/content\/uploads\/2025\/01\/720\/405\/gettyimages-1238481523.jpg?ve=1&amp;tl=1, https:\/\/a57.foxnews.com\/static.foxnews.com\/foxnews.com\/content\/uploads\/2025\/01\/1440\/810\/gettyimages-1238481523.jpg?ve=1&amp;tl=1 2x\" height=\"405\" width=\"720\"><img loading=\"lazy\" decoding=\"async\" src=\"https:\/\/a57.foxnews.com\/static.foxnews.com\/foxnews.com\/content\/uploads\/2025\/01\/1200\/675\/gettyimages-1238481523.jpg?ve=1&amp;tl=1\" alt=\"Puente Embajador\" width=\"1200\" height=\"675\"\/><\/source><\/source><\/source><\/source><\/picture><\/div>\n<div class=\"info\">\n<div class=\"caption\">\n<p><span>Remolques de tractor cruzan el cruce fronterizo del Puente Ambassador desde Windsor, Ontario, hasta Detroit, Michigan, el 14 de febrero de 2022. (Geoff Robins\/AFP v\u00eda Getty Images)<\/span> <!----><\/p>\n<\/div>\n<\/div>\n<\/div>\n<p>Le gustar\u00eda tener una reuni\u00f3n cara a cara con Trump y dijo que se ha comunicado con senadores y gobernadores estadounidenses para que eso suceda. Una reuni\u00f3n con el director ejecutivo de SpaceX y Tesla, Elon Musk, a quien Trump nombr\u00f3 para codirigir, con el ex candidato presidencial republicano Vivek Ramaswamy, el propuesto \u00abDepartamento de Eficiencia Gubernamental\u00bb tambi\u00e9n est\u00e1 en la lista de deseos de Ford.<\/p>\n<p>Ford dijo que Trump \u00abno se da cuenta\u00bb de que Ontario es el tercer socio comercial m\u00e1s grande de Estados Unidos, con un monto de alrededor de 344 mil millones de d\u00f3lares en 2023, \u00abdivididos equitativamente por el centro\u00bb.<\/p>\n<p>El primer ministro de Ontario dijo que quiere enviar m\u00e1s electricidad y minerales cr\u00edticos a Estados Unidos, que \u00abnos necesita como nosotros los necesitamos a ellos\u00bb. <\/p>\n<p><strong>TRUMP REACCIONA A LA RENUNCIA DE TRUDEAU: &#8216;MUCHAS PERSONAS EN CANAD\u00c1 AMAN SER EL ESTADO 51&#8217;<\/strong><\/p>\n<p>En 2012, el primer ministro y su difunto hermano, Rob, que era alcalde de Toronto en ese momento, se reunieron con Trump, junto con su hija Ivanka, cuando estaban en la ciudad para abrir el antiguo Trump International Hotel and Tower, ahora no afiliado a La Organizaci\u00f3n Trump y conocida como The St. Regis Toronto.<\/p>\n<p>Ford, que dirigi\u00f3 una empresa familiar con sede en Toronto, Deco Labels &#038; Flexible Packaging, antes de entrar en la pol\u00edtica municipal como concejal en 2010, considera a Trump \u00abun operador astuto\u00bb y \u00abun hombre de negocios inteligente\u00bb.<\/p>\n<p>El presidente entrante \u00absabe acerca de Ontario\u00bb, afirm\u00f3 el primer ministro.<\/p>\n<p>\u00abNing\u00fan senador, ning\u00fan gobernador, ning\u00fan congresista o empresario ha dicho que Canad\u00e1 sea un problema\u00bb, dijo Ford, que abri\u00f3 una sucursal de Deco en Chicago en 1999.<\/p>\n<p>Dijo que Trump no ha puesto su mirada en otros aliados de Estados Unidos como el Reino Unido y Francia, pero \u00abquiere apuntar\u00bb al \u00abamigo m\u00e1s cercano\u00bb de Estados Unidos, Canad\u00e1. <\/p>\n<p>\u00abNo estoy muy seguro de si es algo personal contra Trudeau, pero Trudeau est\u00e1 a punto de salir, as\u00ed que espero que tengamos una mejor conversaci\u00f3n\u00bb, dijo el primer ministro de Ontario, quien a\u00f1adi\u00f3 que considerar\u00eda postularse en la pol\u00edtica federal en el futuro.<\/p>\n<p>El lunes, Trump public\u00f3 en Truth Social que \u00abEstados Unidos ya no puede sufrir los enormes d\u00e9ficits comerciales y subsidios que Canad\u00e1 necesita para mantenerse a flote\u00bb. <\/p>\n<div class=\"image-ct inline\">\n<div class=\"m\"><picture><source media=\"(max-width: 767px)\" srcset=\"https:\/\/a57.foxnews.com\/static.foxnews.com\/foxnews.com\/content\/uploads\/2022\/02\/343\/192\/GettyImages-944943004.jpg?ve=1&amp;tl=1, https:\/\/a57.foxnews.com\/static.foxnews.com\/foxnews.com\/content\/uploads\/2022\/02\/686\/384\/GettyImages-944943004.jpg?ve=1&amp;tl=1 2x\" height=\"192\" width=\"343\"><source media=\"(min-width: 768px) and (max-width: 1023px)\" srcset=\"https:\/\/a57.foxnews.com\/static.foxnews.com\/foxnews.com\/content\/uploads\/2022\/02\/672\/378\/GettyImages-944943004.jpg?ve=1&amp;tl=1, https:\/\/a57.foxnews.com\/static.foxnews.com\/foxnews.com\/content\/uploads\/2022\/02\/1344\/756\/GettyImages-944943004.jpg?ve=1&amp;tl=1 2x\" height=\"378\" width=\"672\"><source media=\"(min-width: 1024px) and (max-width: 1279px)\" srcset=\"https:\/\/a57.foxnews.com\/static.foxnews.com\/foxnews.com\/content\/uploads\/2022\/02\/931\/523\/GettyImages-944943004.jpg?ve=1&amp;tl=1, https:\/\/a57.foxnews.com\/static.foxnews.com\/foxnews.com\/content\/uploads\/2022\/02\/1862\/1046\/GettyImages-944943004.jpg?ve=1&amp;tl=1 2x\" height=\"523\" width=\"931\"><source media=\"(min-width: 1280px)\" srcset=\"https:\/\/a57.foxnews.com\/static.foxnews.com\/foxnews.com\/content\/uploads\/2022\/02\/720\/405\/GettyImages-944943004.jpg?ve=1&amp;tl=1, https:\/\/a57.foxnews.com\/static.foxnews.com\/foxnews.com\/content\/uploads\/2022\/02\/1440\/810\/GettyImages-944943004.jpg?ve=1&amp;tl=1 2x\" height=\"405\" width=\"720\"><img loading=\"lazy\" decoding=\"async\" src=\"https:\/\/a57.foxnews.com\/static.foxnews.com\/foxnews.com\/content\/uploads\/2022\/02\/1200\/675\/GettyImages-944943004.jpg?ve=1&amp;tl=1\" alt=\"Doug Ford se salta el debate de l\u00edderes provinciales organizado por la comunidad negra para hacer campa\u00f1a en el norte de Ontario, incluida esta manifestaci\u00f3n a la que asistieron aproximadamente 300 personas en Cambrian College en Sudbury, el 11 de abril de 2018.\" width=\"1200\" height=\"675\"\/><\/source><\/source><\/source><\/source><\/picture><\/div>\n<div class=\"info\">\n<div class=\"caption\">\n<p><span>Doug Ford hace campa\u00f1a en Cambrian College en Sudbury, al norte de Ontario, el 11 de abril de 2018.<\/span> <span>(Steve Russell\/Estrella de Toronto)<\/span><\/p>\n<\/div>\n<\/div>\n<\/div>\n<p>\u00abJustin Trudeau lo sabe y dimiti\u00f3\u00bb, afirm\u00f3 el pr\u00f3ximo presidente de Estados Unidos, el n\u00famero 47.<\/p>\n<p>Pero Trudeau sigue siendo primer ministro, y Ford y los primeros ministros de las otras nueve provincias y tres territorios se reunir\u00e1n con \u00e9l el pr\u00f3ximo mi\u00e9rcoles en Ottawa para abordar la cuesti\u00f3n de los aranceles de Trump.<\/p>\n<p>A pesar de su partida como primer ministro en alg\u00fan momento de los pr\u00f3ximos dos meses, cuando se espera que se elija al pr\u00f3ximo l\u00edder liberal, Trudeau no deber\u00eda pensar que \u00abest\u00e1 libre de culpa\u00bb y que los primeros ministros canadienses \u00abse mantendr\u00e1n firmes\u00bb para garantizar que Canad\u00e1 sea listo para responder a la inminente y punitiva medida comercial de la administraci\u00f3n Trump, dijo Ford.<\/p>\n<p>Preside el Consejo de la Federaci\u00f3n, una reuni\u00f3n de los primeros ministros de Canad\u00e1, que ha tenido en cuenta las relaciones entre Canad\u00e1 y Estados Unidos y ha hecho de evitar los aranceles estadounidenses \u00abuna prioridad\u00bb, seg\u00fan un comunicado emitido el mes pasado.<\/p>\n<p>\u00abCanad\u00e1 y Estados Unidos forman uno de los mercados integrados m\u00e1s grandes del mundo, con m\u00e1s de 3.500 millones de d\u00f3lares canadienses. [about US$2.4 billion] valor de bienes y servicios que cruzan la frontera cada d\u00eda. Estados Unidos vende m\u00e1s bienes y servicios a Canad\u00e1 que a China, Jap\u00f3n y Alemania juntos\u00bb.<\/p>\n<p><strong><u>HAGA CLIC AQU\u00cd PARA OBTENER LA APLICACI\u00d3N FOX NEWS<\/u><\/strong><\/p>\n<p>Para ayudar a calmar las preocupaciones de Trump sobre la seguridad fronteriza, el gobierno de Ford lanz\u00f3 el martes la \u00abOperaci\u00f3n Disuasi\u00f3n\u00bb, para tomar medidas en\u00e9rgicas contra los cruces ilegales, las drogas y las armas, el 90% de las cuales ingresan a Ontario desde Estados Unidos, dijo el primer ministro a Fox News Digital.<\/p>\n<p>En cuanto a las drogas, dijo que su gobierno tambi\u00e9n est\u00e1 colaborando con la Agencia Antidrogas de Estados Unidos (DEA, por sus siglas en ingl\u00e9s) para identificar la fuente de los ingredientes del fentanilo y si se originaron en \u00abChina, M\u00e9xico o Estados Unidos\u00bb.<\/p>\n<p>El mes pasado, el gobierno de Trudeau anunci\u00f3 su propio plan de seguridad fronteriza.<\/p>\n<\/div>\n\n","protected":false},"excerpt":{"rendered":"<p>\u00danase a Fox News para acceder a este contenido Adem\u00e1s, acceso especial a art\u00edculos seleccionados y otro contenido premium con su cuenta, sin cargo. Al ingresar su correo electr\u00f3nico y presionar Continuar, acepta los T\u00e9rminos de uso y la Pol\u00edtica de privacidad de Fox News, que incluye nuestro Aviso de incentivo financiero. Por favor, introduce &hellip;<\/p>\n","protected":false},"author":1,"featured_media":10095,"comment_status":"open","ping_status":"open","sticky":false,"template":"","format":"standard","meta":{"fifu_image_url":"https:\/\/static.foxnews.com\/foxnews.com\/content\/uploads\/2025\/01\/3-paper-tears.png","fifu_image_alt":"","footnotes":""},"categories":[13],"tags":[],"class_list":["post-10093","post","type-post","status-publish","format-standard","has-post-thumbnail","","category-mundo"],"_links":{"self":[{"href":"https:\/\/noticiasveraces.com\/index.php?rest_route=\/wp\/v2\/posts\/10093","targetHints":{"allow":["GET"]}}],"collection":[{"href":"https:\/\/noticiasveraces.com\/index.php?rest_route=\/wp\/v2\/posts"}],"about":[{"href":"https:\/\/noticiasveraces.com\/index.php?rest_route=\/wp\/v2\/types\/post"}],"author":[{"embeddable":true,"href":"https:\/\/noticiasveraces.com\/index.php?rest_route=\/wp\/v2\/users\/1"}],"replies":[{"embeddable":true,"href":"https:\/\/noticiasveraces.com\/index.php?rest_route=%2Fwp%2Fv2%2Fcomments&post=10093"}],"version-history":[{"count":0,"href":"https:\/\/noticiasveraces.com\/index.php?rest_route=\/wp\/v2\/posts\/10093\/revisions"}],"wp:featuredmedia":[{"embeddable":true,"href":"https:\/\/noticiasveraces.com\/index.php?rest_route=\/wp\/v2\/media\/10095"}],"wp:attachment":[{"href":"https:\/\/noticiasveraces.com\/index.php?rest_route=%2Fwp%2Fv2%2Fmedia&parent=10093"}],"wp:term":[{"taxonomy":"category","embeddable":true,"href":"https:\/\/noticiasveraces.com\/index.php?rest_route=%2Fwp%2Fv2%2Fcategories&post=10093"},{"taxonomy":"post_tag","embeddable":true,"href":"https:\/\/noticiasveraces.com\/index.php?rest_route=%2Fwp%2Fv2%2Ftags&post=10093"}],"curies":[{"name":"wp","href":"https:\/\/api.w.org\/{rel}","templated":true}]}}