{"id":10083,"date":"2025-01-12T04:13:38","date_gmt":"2025-01-12T08:13:38","guid":{"rendered":"https:\/\/noticiasveraces.com\/?p=10083"},"modified":"2025-01-12T04:13:38","modified_gmt":"2025-01-12T08:13:38","slug":"simeone-tras-la-sancion-a-vinicius-y-la-cautelar-a-dani-olmo-mejor-me-callo","status":"publish","type":"post","link":"https:\/\/noticiasveraces.com\/?p=10083","title":{"rendered":"Simeone, tras la sanci\u00f3n a Vin\u00edcius y la cautelar a Dani Olmo: \u00abMejor me callo\u00bb"},"content":{"rendered":"<p> \n<\/p>\n<div id=\"intext\">\n<p>el <b>Atl\u00e9tico de Madrid<\/b> Puede proclamarse este domingo campe\u00f3n de invierno si vence a Osasuna en el Metropolitano, una cuesti\u00f3n simplemente honor\u00edfica pero que evidencia la buena racha del equipo de Simeone, que acumula 13 triunfos consecutivos y cuya \u00faltima derrota data del 27 de octubre. Diego Pablo Simeone compareci\u00f3 en la rueda de prensa antes del duelo ante el equipo navarro y dej\u00f3 una \u00faltima respuesta antes de abandonar la sala de prensa que es significativa.<\/p>\n<p>\u00abA veces, en muchas situaciones, cuando el club ha ido bien cuando ha estado usted, se le ha puesto la etiqueta &#8216;ya tiene que competir con el Madrid y con el Barcelona&#8217;. \u00bfNo s\u00e9 si esta semana lo que ha sucedido con el Barcelona o con el Madrid, con <b>la sanci\u00f3n de Vin\u00edcius<\/b>es otro ejemplo para decir &#8216;no estamos para eso&#8217;?\u00bb, fue la pregunta del periodista.<\/p>\n<p>\u00abMejor me callo, ciao\u00bb, respondi\u00f3 el entrenador argentino antes de levantarse de la silla y salir de la sala de prensa.<\/p>\n<p>Y es que se ha hablado y mucho durante esta semana sobre la sanci\u00f3n de dos partidos a Vin\u00edcius y <b>la decisi\u00f3n del CSD<\/b> de otorgar la cautelar a Dani Olmo y Pau V\u00edctor.<\/p>\n<p>Simeone se remiti\u00f3 al <b>comunicado del club rojiblanco<\/b> al respecto del caso Dani Olmo y la decisi\u00f3n del Consejo Superior de Deportes.<\/p>\n<p>\u00ab<b>Del comunicado que transmiti\u00f3 el Atl\u00e9tico de Madrid estamos absolutamente de acuerdo en todo <\/b>y compartimos ese comunicado\u00bb, expres\u00f3 Simeone, que luego coloc\u00f3 el foco en los periodistas.<\/p>\n<h2 class=\"title-h2\">La reflexi\u00f3n de Simeone sobre el papel del periodismo<\/h2>\n<p>\u00abDespu\u00e9s, creo que hay algo important\u00edsimo: ustedes son muy fuertes como periodistas. Y creo que el periodismo y la opini\u00f3n p\u00fablica continuamente no est\u00e1 de acuerdo con lo que est\u00e1 sucediendo. Nosotros, los entrenadores, lo \u00fanico que tenemos que hacer es seguir. trabajando, buscando lo mejor para nuestro equipo y esperar que la gente que tiene que abordar el tema lo aborde de la mejor manera\u201d, sostuvo el entrenador argentino.<\/p>\n<p>\u00abPero ustedes, que son periodistas, que opinan y tienen mucha historia dentro de las cosas que suceden, <b>son los que al final van a empujar para un lado o para otro lo que suceda<\/b>. Ustedes tienen mucha fuerza y \u200b\u200blo saben\u00bb, enfatiz\u00f3 Simeone.<\/p>\n<p>\u00abSeg\u00fan para donde vayan ustedes. Es muy simple\u00bb, argument\u00f3 Simeone.<\/p>\n<p>En lo puramente deportivo, <b>Simeone elogi\u00f3 a Osasuna<\/b>\u00abun equipo que juega bien, que ataca con mucha gente, que viene de partidos que no ha merecido perder o empatar, como le ha pasado, y que siempre ha tenido una b\u00fasqueda importante en cada encuentro, con valent\u00eda en su juego\u00bb.<\/p>\n<p>\u00abNo s\u00e9 si jugar\u00e1n con tres centrales, como muchos comentaban. No lo creo, porque viene trabajando muy bien todo lo que es la parte ofensiva, sobre todo\u00bb, analiz\u00f3 el argentino.<\/p>\n<p>\u00abNos vamos a encontrar con un equipo que tiene necesidades como las tenemos nosotros yt<b>endremos que llevar el partido donde creemos que le podemos hacer da\u00f1o<\/b>\u00ab, indic\u00f3 Simeone.<\/p>\n<p><i>S\u00edguenos en nuestro canal de WhatsApp y no te pierdas la \u00faltima hora y toda la actualidad de antena3noticias.com<\/i><\/p>\n<div class=\"recirculation-video\" data-mod=\"a3mod_recirculation_video\">\n<div class=\"recirculation-video-wrapper\">\n<div>\n<div class=\"video-wrapper\">\n  <picture class=\"video-main-picture\"><source media=\"(min-width: 481px)\" srcset=\"https:\/\/fotografias.antena3.com\/clipping\/cmsimages01\/2025\/01\/10\/8254E4C3-209B-4FEF-99C5-51001B0FC09E\/carlos-alcaraz-accion-melbourne-australia_94.jpg?crop=4100,2306,x0,y0&amp;width=800&amp;height=450&amp;optimize=medium&amp;format=webply\" width=\"800\" height=\"450\"><source media=\"(min-width: 391px) and (max-width: 480px)\" srcset=\"https:\/\/fotografias.antena3.com\/clipping\/cmsimages01\/2025\/01\/10\/8254E4C3-209B-4FEF-99C5-51001B0FC09E\/carlos-alcaraz-accion-melbourne-australia_70.jpg?crop=4100,2306,x0,y0&amp;width=480&amp;height=270&amp;optimize=high&amp;format=webply\" width=\"480\" height=\"270\"><source media=\"(min-width: 321px) and (max-width: 390px)\" srcset=\"https:\/\/fotografias.antena3.com\/clipping\/cmsimages01\/2025\/01\/10\/8254E4C3-209B-4FEF-99C5-51001B0FC09E\/carlos-alcaraz-accion-melbourne-australia_92.jpg?crop=4100,2302,x0,y0&amp;width=390&amp;height=219&amp;optimize=high&amp;format=webply\" width=\"390\" height=\"219\"><source media=\"(max-width: 320px)\" srcset=\"https:\/\/fotografias.antena3.com\/clipping\/cmsimages01\/2025\/01\/10\/8254E4C3-209B-4FEF-99C5-51001B0FC09E\/carlos-alcaraz-accion-melbourne-australia_52.jpg?crop=4100,2306,x0,y0&amp;width=320&amp;height=180&amp;optimize=high&amp;format=webply\" width=\"320\" height=\"180\"><img decoding=\"async\" title=\"Carlos Alcaraz, en acci\u00f3n en Melbourne (Australia)\" alt=\"Carlos Alcaraz, en acci\u00f3n en Melbourne (Australia)\" width=\"480\" height=\"270\" src=\"https:\/\/fotografias.antena3.com\/clipping\/cmsimages01\/2025\/01\/10\/8254E4C3-209B-4FEF-99C5-51001B0FC09E\/carlos-alcaraz-accion-melbourne-australia_70.jpg?crop=4100,2306,x0,y0&amp;width=480&amp;height=270&amp;optimize=high&amp;format=webply\" loading=\"lazy\" class=\"lazy\"\/><br \/>\n  <\/source><\/source><\/source><\/source><\/picture>\n <\/div>\n<\/div><\/div>\n<\/p><\/div>\n<\/div>\n\n","protected":false},"excerpt":{"rendered":"<p>el Atl\u00e9tico de Madrid Puede proclamarse este domingo campe\u00f3n de invierno si vence a Osasuna en el Metropolitano, una cuesti\u00f3n simplemente honor\u00edfica pero que evidencia la buena racha del equipo de Simeone, que acumula 13 triunfos consecutivos y cuya \u00faltima derrota data del 27 de octubre. Diego Pablo Simeone compareci\u00f3 en la rueda de prensa &hellip;<\/p>\n","protected":false},"author":1,"featured_media":10085,"comment_status":"open","ping_status":"open","sticky":false,"template":"","format":"standard","meta":{"fifu_image_url":"https:\/\/fotografias.antena3.com\/clipping\/cmsimages01\/2025\/01\/11\/A1F5E25C-8A12-40FF-8A32-93989B66A302\/simeone-rueda-prensa_69.jpg?crop=2816,1584,x0,y0&width=1280&height=720&optimize=low&format=jpg","fifu_image_alt":"","footnotes":""},"categories":[6],"tags":[],"class_list":["post-10083","post","type-post","status-publish","format-standard","has-post-thumbnail","","category-deportes"],"_links":{"self":[{"href":"https:\/\/noticiasveraces.com\/index.php?rest_route=\/wp\/v2\/posts\/10083","targetHints":{"allow":["GET"]}}],"collection":[{"href":"https:\/\/noticiasveraces.com\/index.php?rest_route=\/wp\/v2\/posts"}],"about":[{"href":"https:\/\/noticiasveraces.com\/index.php?rest_route=\/wp\/v2\/types\/post"}],"author":[{"embeddable":true,"href":"https:\/\/noticiasveraces.com\/index.php?rest_route=\/wp\/v2\/users\/1"}],"replies":[{"embeddable":true,"href":"https:\/\/noticiasveraces.com\/index.php?rest_route=%2Fwp%2Fv2%2Fcomments&post=10083"}],"version-history":[{"count":0,"href":"https:\/\/noticiasveraces.com\/index.php?rest_route=\/wp\/v2\/posts\/10083\/revisions"}],"wp:featuredmedia":[{"embeddable":true,"href":"https:\/\/noticiasveraces.com\/index.php?rest_route=\/wp\/v2\/media\/10085"}],"wp:attachment":[{"href":"https:\/\/noticiasveraces.com\/index.php?rest_route=%2Fwp%2Fv2%2Fmedia&parent=10083"}],"wp:term":[{"taxonomy":"category","embeddable":true,"href":"https:\/\/noticiasveraces.com\/index.php?rest_route=%2Fwp%2Fv2%2Fcategories&post=10083"},{"taxonomy":"post_tag","embeddable":true,"href":"https:\/\/noticiasveraces.com\/index.php?rest_route=%2Fwp%2Fv2%2Ftags&post=10083"}],"curies":[{"name":"wp","href":"https:\/\/api.w.org\/{rel}","templated":true}]}}