{"id":10041,"date":"2025-01-11T21:08:25","date_gmt":"2025-01-12T01:08:25","guid":{"rendered":"https:\/\/noticiasveraces.com\/?p=10041"},"modified":"2025-01-11T21:08:25","modified_gmt":"2025-01-12T01:08:25","slug":"ejercito-retoma-ciudad-clave-bajo-control-paramilitar-dw-01-12-2025","status":"publish","type":"post","link":"https:\/\/noticiasveraces.com\/?p=10041","title":{"rendered":"Ej\u00e9rcito retoma ciudad clave bajo control paramilitar \u2013 DW \u2013 01\/12\/2025"},"content":{"rendered":"<p> \n<\/p>\n<div>\n<p>El Ej\u00e9rcito de Sud\u00e1n y sus fuerzas aliadas recuperaron este s\u00e1bado (11.01.2025) la estrat\u00e9gica ciudad de Wad Madani, al sur de Jartum y bajo control del grupo paramilitar Fuerzas de Apoyo R\u00e1pido (FAR) desde diciembre de 2023, tras intensos combates entre los dos bandos enfrentados desde abril de ese a\u00f1o.<\/p>\n<p>El Ministerio de Exteriores sudan\u00e9s, controlado por la c\u00fapula militar, celebr\u00f3 en un comunicado \u00abla gran victoria lograda hoy con la recuperaci\u00f3n de la ciudad de Wad Madani\u00bb, la capital del estado central de Gezira, escenario en los \u00faltimos d\u00edas de una gran ofensiva del Ej\u00e9rcito contra posiciones de los paramilitares.<\/p>\n<p>\u00abLa batalla por la recuperaci\u00f3n de Wad Madani fue una epopeya inspiradora\u00bb, a\u00f1adi\u00f3 la nota, que afirm\u00f3 que \u00abla victoria representa el inicio del fin de la pesadilla que pes\u00f3 sobre el pueblo sudan\u00e9s a lo largo de casi dos a\u00f1os de presencia de la milicia terrorista rebelde\u00bb.<\/p>\n<p>El Ej\u00e9rcito sudan\u00e9s adelant\u00f3 horas antes que sus unidades y fuerzas aliadas hab\u00edan logrado entrar en Wad Madani tras infligir \u00abenormes p\u00e9rdidas\u00bb a las FAR, al tiempo que se\u00f1al\u00f3 que estaban realizando operaciones de barrido \u00abpara limpiar la presencia de rebeldes dentro de la ciudad\u00bb .<\/p>\n<p>Las FAR reconocieron por la noche que hab\u00edan \u00abperdido\u00bb la ciudad situada a unos 200 kil\u00f3metros al sur de Jartum.<\/p>\n<p>En un mensaje de audio dirigido a sus combatientes y al pueblo sudan\u00e9s, el jefe de los paramilitares Mohamed Hamdan Daglo prometi\u00f3 no obstante \u00abreconquistar\u00bb la localidad.<\/p>\n<p>\u00abHoy perdimos una batalla, pero no perdimos la guerra\u00bb, afirm\u00f3.<\/p>\n<p>Un video compartido previamente por el ej\u00e9rcito en redes sociales mostr\u00f3 a combatientes afirmando estar dentro de la ciudad.<\/p>\n<p>La AFP no pudo verificar de manera independiente la situaci\u00f3n en el terreno debido que a las comunicaciones llevan meses cortadas.<\/p>\n<p>\u00abEl ej\u00e9rcito y los combatientes aliados se desplegaron en las calles de la ciudad\u00bb, declar\u00f3 desde su casa, en el centro de Wad Madani, un testigo que pidi\u00f3 el anonimato.<\/p>\n<p>Sud\u00e1n est\u00e1 sumido en una cruenta guerra civil desde abril de 2023, un conflicto que ya ha dejado decenas de millas de muertos, seg\u00fan la ONU.<\/p>\n<p>El conflicto opone al ej\u00e9rcito, dirigido por el general Abdel Fatah al Burhan, y los paramilitares de las FAR de su exadjunto, el general Mohamed Hamdan Daglo.<\/p>\n<p>jc (afp, efe)<\/p>\n<\/p>\n<\/div>\n\n","protected":false},"excerpt":{"rendered":"<p>El Ej\u00e9rcito de Sud\u00e1n y sus fuerzas aliadas recuperaron este s\u00e1bado (11.01.2025) la estrat\u00e9gica ciudad de Wad Madani, al sur de Jartum y bajo control del grupo paramilitar Fuerzas de Apoyo R\u00e1pido (FAR) desde diciembre de 2023, tras intensos combates entre los dos bandos enfrentados desde abril de ese a\u00f1o. El Ministerio de Exteriores sudan\u00e9s, &hellip;<\/p>\n","protected":false},"author":1,"featured_media":10042,"comment_status":"open","ping_status":"open","sticky":false,"template":"","format":"standard","meta":{"fifu_image_url":"https:\/\/static.dw.com\/image\/71274686_6.jpg","fifu_image_alt":"","footnotes":""},"categories":[13],"tags":[],"class_list":["post-10041","post","type-post","status-publish","format-standard","has-post-thumbnail","","category-mundo"],"_links":{"self":[{"href":"https:\/\/noticiasveraces.com\/index.php?rest_route=\/wp\/v2\/posts\/10041","targetHints":{"allow":["GET"]}}],"collection":[{"href":"https:\/\/noticiasveraces.com\/index.php?rest_route=\/wp\/v2\/posts"}],"about":[{"href":"https:\/\/noticiasveraces.com\/index.php?rest_route=\/wp\/v2\/types\/post"}],"author":[{"embeddable":true,"href":"https:\/\/noticiasveraces.com\/index.php?rest_route=\/wp\/v2\/users\/1"}],"replies":[{"embeddable":true,"href":"https:\/\/noticiasveraces.com\/index.php?rest_route=%2Fwp%2Fv2%2Fcomments&post=10041"}],"version-history":[{"count":0,"href":"https:\/\/noticiasveraces.com\/index.php?rest_route=\/wp\/v2\/posts\/10041\/revisions"}],"wp:featuredmedia":[{"embeddable":true,"href":"https:\/\/noticiasveraces.com\/index.php?rest_route=\/wp\/v2\/media\/10042"}],"wp:attachment":[{"href":"https:\/\/noticiasveraces.com\/index.php?rest_route=%2Fwp%2Fv2%2Fmedia&parent=10041"}],"wp:term":[{"taxonomy":"category","embeddable":true,"href":"https:\/\/noticiasveraces.com\/index.php?rest_route=%2Fwp%2Fv2%2Fcategories&post=10041"},{"taxonomy":"post_tag","embeddable":true,"href":"https:\/\/noticiasveraces.com\/index.php?rest_route=%2Fwp%2Fv2%2Ftags&post=10041"}],"curies":[{"name":"wp","href":"https:\/\/api.w.org\/{rel}","templated":true}]}}