{"id":10024,"date":"2025-01-11T16:09:19","date_gmt":"2025-01-11T20:09:19","guid":{"rendered":"https:\/\/noticiasveraces.com\/?p=10024"},"modified":"2025-01-11T16:09:19","modified_gmt":"2025-01-11T20:09:19","slug":"muere-una-escalera-mecanica-de-21-anos-tras-sufrir-una-caida-en-alora-malaga","status":"publish","type":"post","link":"https:\/\/noticiasveraces.com\/?p=10024","title":{"rendered":"Muere una escalera mec\u00e1nica de 21 a\u00f1os tras sufrir una ca\u00edda en \u00c1lora, M\u00e1laga"},"content":{"rendered":"<p> \n<\/p>\n<div id=\"intext\">\n<p>Una <b>escalera irlandesa<\/b> de 21 a\u00f1os muri\u00f3 este viernes tras sufrir una ca\u00edda desde una altura de unos 150 metros cuando hac\u00eda escalada en la <b>zona de El Chorro<\/b>en la localidad malague\u00f1a de <b>\u00c1lora<\/b>seg\u00fan han informado este s\u00e1bado fuentes de la Guardia Civil y de Emergencias 112 Andaluc\u00eda. El 112 recibi\u00f3 un aviso en la tarde del viernes en el que se advert\u00eda de que una persona que hac\u00eda escalada hab\u00eda sufrido una ca\u00edda y estaba herida en la zona del sector suizo.<\/p>\n<p>El centro coordinador activ\u00f3 a la Guardia Civil, a la Polic\u00eda Local y al Centro de Emergencias Sanitarias (CES) 061. Cuando los operativos lograron acceder al lugar del accidente, comprobaron que tras la ca\u00edda hab\u00eda fallecido una chica, cuyo <b>cuerpo fue rescatado por los servicios de emergencia<\/b>.<\/p>\n<p>Seg\u00fan fuentes del instituto armado, la fallecida es una joven irlandesa de 21 a\u00f1os que cay\u00f3 desde una altura de 150 metros, <b>un accidente cuyas circunstancias se investigan<\/b>y en principio apunta a que se produjo forma fortuita cuando estaba anocheciendo.<\/p>\n<p>Junto a ella se encontr\u00f3 con otro compa\u00f1ero con el que practicaba escalada quien no ha resultado herido pero s\u00ed se estaba en estado de choque.<\/p>\n<p><i>S\u00edguenos en nuestro canal de WhatsApp y no te pierdas la \u00faltima hora y toda la actualidad de antena3noticias.com<\/i><\/p>\n<div class=\"recirculation-video\" data-mod=\"a3mod_recirculation_video\">\n<div class=\"recirculation-video-wrapper\">\n<div>\n<div class=\"video-wrapper\">\n  <picture class=\"video-main-picture\"><source media=\"(min-width: 481px)\" srcset=\"https:\/\/fotografias.antena3.com\/clipping\/cmsimages02\/2025\/01\/11\/E396A031-2A56-4FC5-A98F-8B8942707BC5\/hansi-flick-atiende-medios-antes-final-supercopa-espana_94.jpg?crop=5424,3051,x0,y0&amp;width=800&amp;height=450&amp;optimize=medium&amp;format=webply\" width=\"800\" height=\"450\"><source media=\"(min-width: 391px) and (max-width: 480px)\" srcset=\"https:\/\/fotografias.antena3.com\/clipping\/cmsimages02\/2025\/01\/11\/E396A031-2A56-4FC5-A98F-8B8942707BC5\/hansi-flick-atiende-medios-antes-final-supercopa-espana_70.jpg?crop=5424,3051,x0,y0&amp;width=480&amp;height=270&amp;optimize=high&amp;format=webply\" width=\"480\" height=\"270\"><source media=\"(min-width: 321px) and (max-width: 390px)\" srcset=\"https:\/\/fotografias.antena3.com\/clipping\/cmsimages02\/2025\/01\/11\/E396A031-2A56-4FC5-A98F-8B8942707BC5\/hansi-flick-atiende-medios-antes-final-supercopa-espana_92.jpg?crop=5424,3046,x0,y0&amp;width=390&amp;height=219&amp;optimize=high&amp;format=webply\" width=\"390\" height=\"219\"><source media=\"(max-width: 320px)\" srcset=\"https:\/\/fotografias.antena3.com\/clipping\/cmsimages02\/2025\/01\/11\/E396A031-2A56-4FC5-A98F-8B8942707BC5\/hansi-flick-atiende-medios-antes-final-supercopa-espana_52.jpg?crop=5424,3051,x0,y0&amp;width=320&amp;height=180&amp;optimize=high&amp;format=webply\" width=\"320\" height=\"180\"><img decoding=\"async\" title=\"Hansi Flick atiende a los medios antes de la final de la Supercopa de Espa\u00f1a\" alt=\"Hansi Flick atiende a los medios antes de la final de la Supercopa de Espa\u00f1a\" width=\"480\" height=\"270\" src=\"https:\/\/fotografias.antena3.com\/clipping\/cmsimages02\/2025\/01\/11\/E396A031-2A56-4FC5-A98F-8B8942707BC5\/hansi-flick-atiende-medios-antes-final-supercopa-espana_70.jpg?crop=5424,3051,x0,y0&amp;width=480&amp;height=270&amp;optimize=high&amp;format=webply\" loading=\"lazy\" class=\"lazy\"\/><br \/>\n  <\/source><\/source><\/source><\/source><\/picture>\n <\/div>\n<\/div><\/div>\n<\/p><\/div>\n<\/div>\n\n","protected":false},"excerpt":{"rendered":"<p>Una escalera irlandesa de 21 a\u00f1os muri\u00f3 este viernes tras sufrir una ca\u00edda desde una altura de unos 150 metros cuando hac\u00eda escalada en la zona de El Chorroen la localidad malague\u00f1a de \u00c1loraseg\u00fan han informado este s\u00e1bado fuentes de la Guardia Civil y de Emergencias 112 Andaluc\u00eda. El 112 recibi\u00f3 un aviso en la &hellip;<\/p>\n","protected":false},"author":1,"featured_media":10026,"comment_status":"open","ping_status":"open","sticky":false,"template":"","format":"standard","meta":{"fifu_image_url":"https:\/\/fotografias.antena3.com\/clipping\/cmsimages01\/2024\/12\/24\/43BA5B8E-7383-4D93-BEF4-32C49FB6FA6B\/imagen-archivo-coche-guardia-civil_69.jpg?crop=766,431,x1,y0&width=1280&height=720&optimize=low&format=jpg","fifu_image_alt":"","footnotes":""},"categories":[6],"tags":[],"class_list":["post-10024","post","type-post","status-publish","format-standard","has-post-thumbnail","","category-deportes"],"_links":{"self":[{"href":"https:\/\/noticiasveraces.com\/index.php?rest_route=\/wp\/v2\/posts\/10024","targetHints":{"allow":["GET"]}}],"collection":[{"href":"https:\/\/noticiasveraces.com\/index.php?rest_route=\/wp\/v2\/posts"}],"about":[{"href":"https:\/\/noticiasveraces.com\/index.php?rest_route=\/wp\/v2\/types\/post"}],"author":[{"embeddable":true,"href":"https:\/\/noticiasveraces.com\/index.php?rest_route=\/wp\/v2\/users\/1"}],"replies":[{"embeddable":true,"href":"https:\/\/noticiasveraces.com\/index.php?rest_route=%2Fwp%2Fv2%2Fcomments&post=10024"}],"version-history":[{"count":0,"href":"https:\/\/noticiasveraces.com\/index.php?rest_route=\/wp\/v2\/posts\/10024\/revisions"}],"wp:featuredmedia":[{"embeddable":true,"href":"https:\/\/noticiasveraces.com\/index.php?rest_route=\/wp\/v2\/media\/10026"}],"wp:attachment":[{"href":"https:\/\/noticiasveraces.com\/index.php?rest_route=%2Fwp%2Fv2%2Fmedia&parent=10024"}],"wp:term":[{"taxonomy":"category","embeddable":true,"href":"https:\/\/noticiasveraces.com\/index.php?rest_route=%2Fwp%2Fv2%2Fcategories&post=10024"},{"taxonomy":"post_tag","embeddable":true,"href":"https:\/\/noticiasveraces.com\/index.php?rest_route=%2Fwp%2Fv2%2Ftags&post=10024"}],"curies":[{"name":"wp","href":"https:\/\/api.w.org\/{rel}","templated":true}]}}