{"id":10007,"date":"2025-01-11T13:58:03","date_gmt":"2025-01-11T17:58:03","guid":{"rendered":"https:\/\/noticiasveraces.com\/?p=10007"},"modified":"2025-01-11T13:58:03","modified_gmt":"2025-01-11T17:58:03","slug":"partidos-spd-y-afd-nombran-candidatos-a-elecciones-dw-01-11-2025","status":"publish","type":"post","link":"https:\/\/noticiasveraces.com\/?p=10007","title":{"rendered":"partidos SPD y AfD nombran candidatos a elecciones \u2013 DW \u2013 01\/11\/2025"},"content":{"rendered":"<p> \n<\/p>\n<div>\n<p>El canciller alem\u00e1n Olaf Scholz fue elegido formalmente este s\u00e1bado (11.01.2025) como candidato del Partido Socialdem\u00f3crata (SPD) a las elecciones anticipadas del pr\u00f3ximo 23 de febrero, tras pronunciar un alegato contra la ultraderechista Alternativa para Alemania (AfD) y contra el bloque. democristiano (CDU-CSU), segunda y primera fuerza en las encuestas respectivamente.<\/p>\n<p>Los 600 delegados que participaron en el congreso socialdem\u00f3crata en Berl\u00edn aclamaron a Scholz por abrumadora mayor\u00eda, con solo cinco votos en contra.<\/p>\n<p>Poco antes, Scholz, cuyo partido ronda el 15% en los sondeos, hab\u00eda comenzado su intervenci\u00f3n con una advertencia sobre la situaci\u00f3n en Austria, donde la ultraderecha recibi\u00f3 el encargo de formar gobierno despu\u00e9s de que fracasaron las conversaciones entre el resto de partidos.<\/p>\n<p>\u00abAlemania est\u00e1 en la encrucijada. Si el 23 de febrero tomamos la salida que no es, nos despertaremos en otro pa\u00eds\u00bb, asegur\u00f3 Scholz.<\/p>\n<h2><strong>Alice Weidel: candidata del ultraderechista AfD y actual segunda opci\u00f3n en Alemania<\/strong><\/h2>\n<p>Por su parte, la colider de AfD, Alice Weidel, fue ratificada formalmente este s\u00e1bado como candidata a las elecciones del 23 de febrero, en las que la formaci\u00f3n podr\u00eda obtener el 22 % de los votos, seg\u00fan sondeos, en segundo lugar por detr\u00e1s del bloque Conservador (CDU-CSU).<\/p>\n<p>Weidel fue elegido de forma un\u00e1nime por los delegados al congreso de la formaci\u00f3n en Riesa, que comenz\u00f3 con dos horas de retraso despu\u00e9s de que millas de manifestantes bloquearon los accesos a la localidad y al propio sal\u00f3n de congresos.<\/p>\n<p>La candidata ultraderechista agradeci\u00f3 su trabajo a la polic\u00eda que seg\u00fan ella tuvo que \u00abliberar\u00bb su autom\u00f3vil \u00abde una turba de izquierda dispuesta a la violencia\u00bb y se refiri\u00f3 a los manifestantes como \u00abnazis pintados de rojo\u00bb.<\/p>\n<p>Tambi\u00e9n dio las gracias al magnate estadounidense Elon Musk, que expres\u00f3 su apoyo a la formaci\u00f3n y entrevist\u00f3 a la propia Weidel esta semana, por retransmitir en directo el congreso en su plataforma X. \u00ab\u00a1Libertad de expresi\u00f3n! (libertad de expresi\u00f3n)\u00bb, grit\u00f3 Weidel en ingl\u00e9s.<\/p>\n<p>rr (efe\/ap\/dpa)<\/p>\n<\/div>\n\n","protected":false},"excerpt":{"rendered":"<p>El canciller alem\u00e1n Olaf Scholz fue elegido formalmente este s\u00e1bado (11.01.2025) como candidato del Partido Socialdem\u00f3crata (SPD) a las elecciones anticipadas del pr\u00f3ximo 23 de febrero, tras pronunciar un alegato contra la ultraderechista Alternativa para Alemania (AfD) y contra el bloque. democristiano (CDU-CSU), segunda y primera fuerza en las encuestas respectivamente. Los 600 delegados que &hellip;<\/p>\n","protected":false},"author":1,"featured_media":10008,"comment_status":"open","ping_status":"open","sticky":false,"template":"","format":"standard","meta":{"fifu_image_url":"https:\/\/static.dw.com\/image\/71274853_6.jpg","fifu_image_alt":"","footnotes":""},"categories":[13],"tags":[],"class_list":["post-10007","post","type-post","status-publish","format-standard","has-post-thumbnail","","category-mundo"],"_links":{"self":[{"href":"https:\/\/noticiasveraces.com\/index.php?rest_route=\/wp\/v2\/posts\/10007","targetHints":{"allow":["GET"]}}],"collection":[{"href":"https:\/\/noticiasveraces.com\/index.php?rest_route=\/wp\/v2\/posts"}],"about":[{"href":"https:\/\/noticiasveraces.com\/index.php?rest_route=\/wp\/v2\/types\/post"}],"author":[{"embeddable":true,"href":"https:\/\/noticiasveraces.com\/index.php?rest_route=\/wp\/v2\/users\/1"}],"replies":[{"embeddable":true,"href":"https:\/\/noticiasveraces.com\/index.php?rest_route=%2Fwp%2Fv2%2Fcomments&post=10007"}],"version-history":[{"count":0,"href":"https:\/\/noticiasveraces.com\/index.php?rest_route=\/wp\/v2\/posts\/10007\/revisions"}],"wp:featuredmedia":[{"embeddable":true,"href":"https:\/\/noticiasveraces.com\/index.php?rest_route=\/wp\/v2\/media\/10008"}],"wp:attachment":[{"href":"https:\/\/noticiasveraces.com\/index.php?rest_route=%2Fwp%2Fv2%2Fmedia&parent=10007"}],"wp:term":[{"taxonomy":"category","embeddable":true,"href":"https:\/\/noticiasveraces.com\/index.php?rest_route=%2Fwp%2Fv2%2Fcategories&post=10007"},{"taxonomy":"post_tag","embeddable":true,"href":"https:\/\/noticiasveraces.com\/index.php?rest_route=%2Fwp%2Fv2%2Ftags&post=10007"}],"curies":[{"name":"wp","href":"https:\/\/api.w.org\/{rel}","templated":true}]}}