{"id":10000,"date":"2025-01-11T12:55:14","date_gmt":"2025-01-11T16:55:14","guid":{"rendered":"https:\/\/noticiasveraces.com\/?p=10000"},"modified":"2025-01-11T12:55:14","modified_gmt":"2025-01-11T16:55:14","slug":"manifestantes-retrasan-inicio-del-congreso-de-afd-dw-01-11-2025-2","status":"publish","type":"post","link":"https:\/\/noticiasveraces.com\/?p=10000","title":{"rendered":"manifestantes retrasan inicio del congreso de AfD \u2013 DW \u2013 01\/11\/2025"},"content":{"rendered":"<p> \n<\/p>\n<div>\n<p>Miles de manifestantes consiguieron retrasar este s\u00e1bado (11.01.2025) el inicio del congreso de la ultraderechista Alternativa para Alemania (AfD), la segunda fuerza en las encuestas de cara a las elecciones del 23 de febrero, en la localidad sajona de Riesa (este ), donde se produjeron incidentes con la Polic\u00eda.<\/p>\n<p>Las protestas empezaron de madrugada y sus promotores consiguieron cortar temporalmente la carretera B169 a la altura de Riesa, seg\u00fan inform\u00f3 la polic\u00eda sajona en sus redes, mientras que en algunos puntos de la localidad, grupos de manifestantes intentaron irrumpir a trav\u00e9s de los cordones policiales.<\/p>\n<p>Los organizadores de las protestas, una alianza contra la derecha conocida como &#8216;Widersetzten&#8217;, aseguraron en su cuenta de X que hab\u00edan conseguido \u00abbloquear casi todos los accesos al congreso de la AfD\u00bb. Por otro lado, denunciaron que la Polic\u00eda hab\u00eda llevado a cabo una \u00abescalada de violencia\u00bb al bloquear una manifestaci\u00f3n autorizada, con unos 4.000 participantes seg\u00fan los organizadores, empleando para ello ca\u00f1ones de agua y gas pimienta.<\/p>\n<p>Entretanto, el inicio del congreso del partido ultraderechista alem\u00e1n, previsto para las 10.00 de la ma\u00f1ana hora local, se retras\u00f3 al menos en dos horas debido a las dificultades de los delegados para llegar a la sala de congresos debido a las protestas ya los estrictos controles. de seguridad.<\/p>\n<p>Un portavoz de la AfD, Bernd Baumann, calific\u00f3 en declaraciones a la cadena Phoenix a los manifestantes de \u00abextremistas\u00bb y dijo que era una \u00abcat\u00e1strofe\u00bb que lograsen retrasar el inicio del congreso, en el que est\u00e1 previsto que se ratifique la candidatura a la canciller\u00eda de la colider Alice Weidel y se aprueba el programa electoral.<\/p>\n<p>600 delegados de la formaci\u00f3n, que en las encuestas se sit\u00faan sobre el 20 % de la intenci\u00f3n de voto, por detr\u00e1s del bloque conservador CDU-CSU (30 %) y por delante de los socialdem\u00f3cratas del canciller Olaf Scholz (15 %) se dar\u00e1n cita este s\u00e1bado y domingo.<\/p>\n<p>La Polic\u00eda cuenta con que en las protestas de hoy participaron hasta 10.000 manifestantes venidos de toda Alemania en aproximadamente 200 autobuses.<\/p>\n<p>(efe, ap\/min)<\/p>\n<\/p>\n<\/div>\n\n","protected":false},"excerpt":{"rendered":"<p>Miles de manifestantes consiguieron retrasar este s\u00e1bado (11.01.2025) el inicio del congreso de la ultraderechista Alternativa para Alemania (AfD), la segunda fuerza en las encuestas de cara a las elecciones del 23 de febrero, en la localidad sajona de Riesa (este ), donde se produjeron incidentes con la Polic\u00eda. Las protestas empezaron de madrugada y &hellip;<\/p>\n","protected":false},"author":1,"featured_media":10001,"comment_status":"open","ping_status":"open","sticky":false,"template":"","format":"standard","meta":{"fifu_image_url":"https:\/\/static.dw.com\/image\/71271677_6.jpg","fifu_image_alt":"","footnotes":""},"categories":[13],"tags":[],"class_list":["post-10000","post","type-post","status-publish","format-standard","has-post-thumbnail","","category-mundo"],"_links":{"self":[{"href":"https:\/\/noticiasveraces.com\/index.php?rest_route=\/wp\/v2\/posts\/10000","targetHints":{"allow":["GET"]}}],"collection":[{"href":"https:\/\/noticiasveraces.com\/index.php?rest_route=\/wp\/v2\/posts"}],"about":[{"href":"https:\/\/noticiasveraces.com\/index.php?rest_route=\/wp\/v2\/types\/post"}],"author":[{"embeddable":true,"href":"https:\/\/noticiasveraces.com\/index.php?rest_route=\/wp\/v2\/users\/1"}],"replies":[{"embeddable":true,"href":"https:\/\/noticiasveraces.com\/index.php?rest_route=%2Fwp%2Fv2%2Fcomments&post=10000"}],"version-history":[{"count":0,"href":"https:\/\/noticiasveraces.com\/index.php?rest_route=\/wp\/v2\/posts\/10000\/revisions"}],"wp:featuredmedia":[{"embeddable":true,"href":"https:\/\/noticiasveraces.com\/index.php?rest_route=\/wp\/v2\/media\/10001"}],"wp:attachment":[{"href":"https:\/\/noticiasveraces.com\/index.php?rest_route=%2Fwp%2Fv2%2Fmedia&parent=10000"}],"wp:term":[{"taxonomy":"category","embeddable":true,"href":"https:\/\/noticiasveraces.com\/index.php?rest_route=%2Fwp%2Fv2%2Fcategories&post=10000"},{"taxonomy":"post_tag","embeddable":true,"href":"https:\/\/noticiasveraces.com\/index.php?rest_route=%2Fwp%2Fv2%2Ftags&post=10000"}],"curies":[{"name":"wp","href":"https:\/\/api.w.org\/{rel}","templated":true}]}}